{"id":49513,"date":"2025-08-18T12:15:02","date_gmt":"2025-08-18T09:15:02","guid":{"rendered":"https:\/\/www.egemtv.com\/?p=49513"},"modified":"2025-08-18T12:15:04","modified_gmt":"2025-08-18T09:15:04","slug":"muglaspor-kartepe-kampini-tamamladi","status":"publish","type":"post","link":"https:\/\/www.egemtv.com\/?p=49513","title":{"rendered":"Mu\u011flaspor Kartepe kamp\u0131n\u0131 tamamlad\u0131"},"content":{"rendered":"<p>Mu\u011flaspor, yeni sezon haz\u0131rl\u0131klar\u0131 kapsam\u0131nda 11 g\u00fcn s\u00fcren Kartepe kamp\u0131n\u0131 ba\u015far\u0131yla tamamlad\u0131. Yo\u011fun antrenman temposu ve haz\u0131rl\u0131k ma\u00e7lar\u0131yla ge\u00e7en kamp d\u00f6neminin, teknik heyet ve futbolcular a\u00e7\u0131s\u0131ndan olduk\u00e7a verimli ge\u00e7ti\u011fi belirtildi.<br \/>\n<br \/>Kartepe\u2019nin y\u00fcksek tempolu kamp atmosferinde futbolcular, Teknik Direkt\u00f6r Besim Durmu\u015f y\u00f6netiminde g\u00fcnde \u00e7ift idman yaparak sezona haz\u0131rland\u0131. \u00c7al\u0131\u015fmalar, hem fiziksel hem de taktiksel a\u00e7\u0131dan oyunculara \u00f6nemli katk\u0131lar sa\u011flad\u0131. Yard\u0131mc\u0131 antren\u00f6rler B\u00fclent Tuncay ve Mehmet Derya Mazlum, atletik performans antren\u00f6r\u00fc Ertu\u011frul \u00d6zdemir, kaleci antren\u00f6r\u00fc Mert Durmu\u015f ve ma\u00e7 analiz antren\u00f6r\u00fc F\u0131rat Ayata e\u015fli\u011finde disiplinli bir haz\u0131rl\u0131k s\u00fcreci ger\u00e7ekle\u015ftirildi.<br \/>\n<br \/>Kamp kapsam\u0131nda Mu\u011flaspor, \u00fc\u00e7 haz\u0131rl\u0131k kar\u015f\u0131la\u015fmas\u0131na \u00e7\u0131kt\u0131. Bu ma\u00e7larda hem yeni transferlerin uyumu hem de gen\u00e7 oyuncular\u0131n performanslar\u0131 g\u00f6zlemlendi. Teknik ekip, sistemsel denemeleri g\u00f6rmek ve oyuncular\u0131n sahadaki uyumunu art\u0131rmak ad\u0131na t\u00fcm futbolculara \u015fans verdi. Haz\u0131rl\u0131k ma\u00e7lar\u0131ndan elde edilen verilerin, sezon planlamas\u0131nda \u00f6nemli rol oynayaca\u011f\u0131 ifade edildi.<br \/>\n<br \/>Kamp boyunca futbolcular\u0131n motivasyonunun \u00fcst seviyede oldu\u011fu g\u00f6zlemlendi. Y\u00f6netim kurulunun ziyaretleri ve yap\u0131lan sosyal etkinlikler, tak\u0131m i\u00e7indeki birlik ve beraberli\u011fi daha da peki\u015ftirdi. Sportif Direkt\u00f6r Tolga Ta\u011f, kamp\u0131n olduk\u00e7a verimli ge\u00e7ti\u011fini vurgularken, futbolcular da yeni sezona haz\u0131r olduklar\u0131n\u0131n mesaj\u0131n\u0131 verdi.<br \/>\n<br \/>11 g\u00fcnl\u00fck Kartepe kamp\u0131n\u0131 geride b\u0131rakan Mu\u011flaspor, yeni sezon \u00f6ncesinde \u00f6nemli bir haz\u0131rl\u0131k evresini tamamlad\u0131. \u00c7al\u0131\u015fmalar yar\u0131ndan itibaren Mu\u011fla\u2019da devam edecek. Ye\u015fil-beyazl\u0131 ekip, lig ba\u015flayana kadar oynayaca\u011f\u0131 haz\u0131rl\u0131k kar\u015f\u0131la\u015fmalar\u0131yla form grafi\u011fini y\u00fckseltmeyi s\u00fcrd\u00fcrecek.<br \/><\/p>\n","protected":false},"excerpt":{"rendered":"<p>Mu\u011flaspor, yeni sezon haz\u0131rl\u0131klar\u0131 kapsam\u0131nda 11 g\u00fcn s\u00fcren Kartepe kamp\u0131n\u0131 ba\u015far\u0131yla tamamlad\u0131. Yo\u011fun antrenman temposu ve haz\u0131rl\u0131k ma\u00e7lar\u0131yla ge\u00e7en kamp d\u00f6neminin, teknik heyet ve futbolcular a\u00e7\u0131s\u0131ndan olduk\u00e7a verimli ge\u00e7ti\u011fi belirtildi. Kartepe\u2019nin y\u00fcksek tempolu kamp atmosferinde futbolcular, Teknik Direkt\u00f6r Besim Durmu\u015f y\u00f6netiminde g\u00fcnde \u00e7ift idman yaparak sezona haz\u0131rland\u0131. \u00c7al\u0131\u015fmalar, hem fiziksel hem de taktiksel a\u00e7\u0131dan oyunculara&#8230;<\/p>\n","protected":false},"author":1,"featured_media":49514,"comment_status":"open","ping_status":"open","sticky":false,"template":"","format":"standard","meta":{"_crdt_document":"","footnotes":""},"categories":[4],"tags":[],"class_list":["post-49513","post","type-post","status-publish","format-standard","has-post-thumbnail","hentry","category-spor"],"_links":{"self":[{"href":"https:\/\/www.egemtv.com\/index.php?rest_route=\/wp\/v2\/posts\/49513","targetHints":{"allow":["GET"]}}],"collection":[{"href":"https:\/\/www.egemtv.com\/index.php?rest_route=\/wp\/v2\/posts"}],"about":[{"href":"https:\/\/www.egemtv.com\/index.php?rest_route=\/wp\/v2\/types\/post"}],"author":[{"embeddable":true,"href":"https:\/\/www.egemtv.com\/index.php?rest_route=\/wp\/v2\/users\/1"}],"replies":[{"embeddable":true,"href":"https:\/\/www.egemtv.com\/index.php?rest_route=%2Fwp%2Fv2%2Fcomments&post=49513"}],"version-history":[{"count":1,"href":"https:\/\/www.egemtv.com\/index.php?rest_route=\/wp\/v2\/posts\/49513\/revisions"}],"predecessor-version":[{"id":49515,"href":"https:\/\/www.egemtv.com\/index.php?rest_route=\/wp\/v2\/posts\/49513\/revisions\/49515"}],"wp:featuredmedia":[{"embeddable":true,"href":"https:\/\/www.egemtv.com\/index.php?rest_route=\/wp\/v2\/media\/49514"}],"wp:attachment":[{"href":"https:\/\/www.egemtv.com\/index.php?rest_route=%2Fwp%2Fv2%2Fmedia&parent=49513"}],"wp:term":[{"taxonomy":"category","embeddable":true,"href":"https:\/\/www.egemtv.com\/index.php?rest_route=%2Fwp%2Fv2%2Fcategories&post=49513"},{"taxonomy":"post_tag","embeddable":true,"href":"https:\/\/www.egemtv.com\/index.php?rest_route=%2Fwp%2Fv2%2Ftags&post=49513"}],"curies":[{"name":"wp","href":"https:\/\/api.w.org\/{rel}","templated":true}]}}