{"id":49510,"date":"2025-08-18T12:15:00","date_gmt":"2025-08-18T09:15:00","guid":{"rendered":"https:\/\/www.egemtv.com\/?p=49510"},"modified":"2025-08-18T12:15:01","modified_gmt":"2025-08-18T09:15:01","slug":"kader-atlidan-izmir-minibus-karta-tepki-teknolojiye-degil-yanlis-sisteme-karsiyiz","status":"publish","type":"post","link":"https:\/\/www.egemtv.com\/?p=49510","title":{"rendered":"Kader Atl\u0131\u2019dan \u2019\u0130zmir Minib\u00fcs Kart\u2019a tepki: &#8220;Teknolojiye de\u011fil, yanl\u0131\u015f sisteme kar\u015f\u0131y\u0131z&#8221;"},"content":{"rendered":"<p>\u0130zmir Minib\u00fcs\u00e7\u00fcler Esnaf Odas\u0131 Ba\u015fkan Aday\u0131 Kader Atl\u0131, minib\u00fcs\u00e7\u00fc esnaf\u0131n\u0131n g\u00fcndemindeki &#8220;\u0130zmir Minib\u00fcs Kart&#8221; projesine tepki g\u00f6sterdi. Mevcut y\u00f6netimi ele\u015ftiren Atl\u0131, &#8220;Bizim tepkimiz teknolojiye de\u011fil, esnaf\u0131m\u0131za hi\u00e7bir katk\u0131 sa\u011flamayacak olan \u2018\u0130zmir Minib\u00fcs Kart\u2019 ad\u0131yla duyurulan sistemin i\u00e7eri\u011fine y\u00f6neliktir. Bu sistem esnafa fayda de\u011fil zarar getirecek, \u0130zmir\u2019in minib\u00fcs\u00e7\u00fcs\u00fcn\u00fc peri\u015fan edecek&#8221; dedi.<br \/>\n<br \/>S\u00f6z konusu projenin modern teknoloji s\u00f6ylemleriyle s\u00fcslense de asl\u0131nda meslekta\u015flar\u0131n sorunlar\u0131na \u00e7are \u00fcretmedi\u011fini, maliyeti belirsiz oldu\u011funu ve uzun vadede sekt\u00f6re b\u00fcy\u00fck zarar verebilece\u011fini savunan \u0130zmir Minib\u00fcs\u00e7\u00fcler Esnaf Odas\u0131 Ba\u015fkan aday\u0131 Kader Atl\u0131, &#8220;Biz, esnaf\u0131n ger\u00e7ek sorunlar\u0131na \u00e7\u00f6z\u00fcm getiren, yolcu ve i\u015fletmeci memnuniyetini sa\u011flayan, mali a\u00e7\u0131dan s\u00fcrd\u00fcr\u00fclebilir, teknik olarak sa\u011flam bir sistem istiyoruz.&#8221; diye konu\u015ftu.<\/p>\n<p>&#8220;Sistemin ad\u0131 de\u011fil, esnafa getirisi \u00f6nemli&#8221;<br \/>\n<br \/>Mevcut y\u00f6netimi ba\u015far\u0131s\u0131zl\u0131kla su\u00e7layan Kader Atl\u0131, \u015f\u00f6yle devam etti: &#8220;Sorun sistemin ad\u0131nda de\u011fil, esnaf\u0131m\u0131za ne kazand\u0131raca\u011f\u0131 ve ne kaybettirece\u011findedir. \u0130zmir Minib\u00fcs Kart, bin 192 minib\u00fcs\u00fcn \u00e7al\u0131\u015ft\u0131\u011f\u0131 bir sistemde, esnaf\u0131m\u0131z\u0131n onay\u0131 al\u0131nmadan, kapal\u0131 kap\u0131lar ard\u0131nda haz\u0131rlanm\u0131\u015ft\u0131r. Mevcut y\u00f6netim, bu projeyi kendi iste\u011fiyle sosyal medyada ve bas\u0131nda duyurmu\u015f, birlik i\u00e7inde karga\u015fa \u00e7\u0131karm\u0131\u015ft\u0131r. Proje, belirsiz maliyetler ve uzun vadeli risklerle doludur.&#8221; .<\/p>\n<p>&#8220;Esnaf ma\u011fdur ediliyor&#8221;<br \/>\n<br \/>Atl\u0131, mevcut y\u00f6netimin verdi\u011fi s\u00f6zleri tutmad\u0131\u011f\u0131n\u0131 iddia ederek, &#8220;\u0130zmir Minib\u00fcs Kart sistemi iddia edildi\u011fi gibi ayakta yolcu alma hakk\u0131 tan\u0131m\u0131yor. T\u00fcrkiye\u2019de hi\u00e7bir \u015fehirde, hatta \u00fc\u00e7\u00fcnc\u00fc d\u00fcnya \u00fclkelerinde bile benzeri olmayan bu sistem, vatanda\u015fa ya da minib\u00fcs\u00e7\u00fc esnaf\u0131na ne kazand\u0131racak somut verilerle \u00e7\u0131k\u0131p a\u00e7\u0131klas\u0131nlar. Bug\u00fcn minib\u00fcs\u00e7\u00fc esnaf\u0131 mutsuz, huzursuz ve gelece\u011fini g\u00f6remez bir durumda. Esnaf, \u00e7al\u0131\u015facak \u015fof\u00f6r bulam\u0131yor. Sorunlar\u0131n her ge\u00e7en g\u00fcn b\u00fcy\u00fcmesi, \u00e7\u00f6z\u00fcm \u00fcretemeyen bir y\u00f6netimin esnaf\u0131 kaderine terk etmesi kabul edilemez. Bizim g\u00f6revimiz, bu mesle\u011fi yeniden aya\u011fa kald\u0131rmak, itibar\u0131n\u0131 iade etmek ve esnaf\u0131m\u0131za g\u00fcvenle bakabilece\u011fi bir gelecek sunmakt\u0131r.&#8221; dedi.<\/p>\n<p>&#8220;G\u00f6n\u00fcllerin ba\u015fkan\u0131 oldum&#8221;<br \/>\n<br \/>Durak ziyaretlerinde g\u00f6rd\u00fc\u011f\u00fc ilgiden memnun oldu\u011funu belirten Atl\u0131, &#8220;Yapt\u0131\u011f\u0131m\u0131z durak ziyaretlerinde sahadaki meslekta\u015flar\u0131m\u0131z\u0131n g\u00f6sterdi\u011fi i\u00e7ten destek, bana ayr\u0131 bir g\u00fc\u00e7 ve motivasyon kazand\u0131r\u0131yor. Bu yolculukta yan\u0131mda olduklar\u0131n\u0131 g\u00f6rmek benim i\u00e7in b\u00fcy\u00fck bir gurur. \u015eahs\u0131ma verdikleri de\u011ferli destek i\u00e7in t\u00fcm esnaf\u0131m\u0131za y\u00fcrekten te\u015fekk\u00fcr ediyorum. Sahada a\u00e7\u0131k\u00e7a g\u00f6r\u00fcyorum ki ben \u015fimdiden g\u00f6n\u00fcllerin ba\u015fkan\u0131 olmu\u015fum.&#8221; diye konu\u015ftu.<br \/><\/p>\n","protected":false},"excerpt":{"rendered":"<p>\u0130zmir Minib\u00fcs\u00e7\u00fcler Esnaf Odas\u0131 Ba\u015fkan Aday\u0131 Kader Atl\u0131, minib\u00fcs\u00e7\u00fc esnaf\u0131n\u0131n g\u00fcndemindeki &#8220;\u0130zmir Minib\u00fcs Kart&#8221; projesine tepki g\u00f6sterdi. Mevcut y\u00f6netimi ele\u015ftiren Atl\u0131, &#8220;Bizim tepkimiz teknolojiye de\u011fil, esnaf\u0131m\u0131za hi\u00e7bir katk\u0131 sa\u011flamayacak olan \u2018\u0130zmir Minib\u00fcs Kart\u2019 ad\u0131yla duyurulan sistemin i\u00e7eri\u011fine y\u00f6neliktir. Bu sistem esnafa fayda de\u011fil zarar getirecek, \u0130zmir\u2019in minib\u00fcs\u00e7\u00fcs\u00fcn\u00fc peri\u015fan edecek&#8221; dedi. S\u00f6z konusu projenin modern teknoloji&#8230;<\/p>\n","protected":false},"author":1,"featured_media":49511,"comment_status":"open","ping_status":"open","sticky":false,"template":"","format":"standard","meta":{"_crdt_document":"","footnotes":""},"categories":[1],"tags":[],"class_list":["post-49510","post","type-post","status-publish","format-standard","has-post-thumbnail","hentry","category-guncel"],"_links":{"self":[{"href":"https:\/\/www.egemtv.com\/index.php?rest_route=\/wp\/v2\/posts\/49510","targetHints":{"allow":["GET"]}}],"collection":[{"href":"https:\/\/www.egemtv.com\/index.php?rest_route=\/wp\/v2\/posts"}],"about":[{"href":"https:\/\/www.egemtv.com\/index.php?rest_route=\/wp\/v2\/types\/post"}],"author":[{"embeddable":true,"href":"https:\/\/www.egemtv.com\/index.php?rest_route=\/wp\/v2\/users\/1"}],"replies":[{"embeddable":true,"href":"https:\/\/www.egemtv.com\/index.php?rest_route=%2Fwp%2Fv2%2Fcomments&post=49510"}],"version-history":[{"count":1,"href":"https:\/\/www.egemtv.com\/index.php?rest_route=\/wp\/v2\/posts\/49510\/revisions"}],"predecessor-version":[{"id":49512,"href":"https:\/\/www.egemtv.com\/index.php?rest_route=\/wp\/v2\/posts\/49510\/revisions\/49512"}],"wp:featuredmedia":[{"embeddable":true,"href":"https:\/\/www.egemtv.com\/index.php?rest_route=\/wp\/v2\/media\/49511"}],"wp:attachment":[{"href":"https:\/\/www.egemtv.com\/index.php?rest_route=%2Fwp%2Fv2%2Fmedia&parent=49510"}],"wp:term":[{"taxonomy":"category","embeddable":true,"href":"https:\/\/www.egemtv.com\/index.php?rest_route=%2Fwp%2Fv2%2Fcategories&post=49510"},{"taxonomy":"post_tag","embeddable":true,"href":"https:\/\/www.egemtv.com\/index.php?rest_route=%2Fwp%2Fv2%2Ftags&post=49510"}],"curies":[{"name":"wp","href":"https:\/\/api.w.org\/{rel}","templated":true}]}}