{"id":49507,"date":"2025-08-18T12:14:59","date_gmt":"2025-08-18T09:14:59","guid":{"rendered":"https:\/\/www.egemtv.com\/?p=49507"},"modified":"2025-08-18T12:15:00","modified_gmt":"2025-08-18T09:15:00","slug":"universite-ogrencilerine-is-sagligi-ve-guvenligi-ile-narkogenclik-egitimi-verildi","status":"publish","type":"post","link":"https:\/\/www.egemtv.com\/?p=49507","title":{"rendered":"\u00dcniversite \u00f6\u011frencilerine i\u015f sa\u011fl\u0131\u011f\u0131 ve g\u00fcvenli\u011fi ile NarkoGen\u00e7lik e\u011fitimi verildi"},"content":{"rendered":"<p>Ayd\u0131n Adnan Menderes \u00dcniversitesi Di\u015f Hekimli\u011fi Fak\u00fcltesi 4. ve 5. s\u0131n\u0131f \u00f6\u011frencilerine y\u00f6nelik, \u2019Laboratuvar \u0130\u015f Sa\u011fl\u0131\u011f\u0131 ve G\u00fcvenli\u011fi\u2019 ile \u2019NarkoGen\u00e7lik\u2019 ba\u015fl\u0131kl\u0131 e\u011fitim programlar\u0131 d\u00fczenlendi.<\/p>\n<p>Adnan Menderes \u00dcniversitesi (AD\u00dc) \u0130\u015f Sa\u011fl\u0131\u011f\u0131 ve G\u00fcvenli\u011fi (\u0130SG) Profesyoneli G\u00fclay Kandemir taraf\u0131ndan verilen \u2019Laboratuvar \u0130\u015f Sa\u011fl\u0131\u011f\u0131 ve G\u00fcvenli\u011fi\u2019 e\u011fitiminde, laboratuvar ortam\u0131nda dikkat edilmesi gereken hususlar ele al\u0131narak \u00f6zellikle ispirto oca\u011f\u0131 kullan\u0131m\u0131nda uyulmas\u0131 gereken g\u00fcvenlik \u00f6nlemleri \u00fczerinde duruldu. E\u011fitim kapsam\u0131nda \u00f6\u011frencilerin mesleki ya\u015famlar\u0131nda kar\u015f\u0131la\u015fabilecekleri riskler konusunda fark\u0131ndal\u0131k kazanmalar\u0131 ve g\u00fcvenli \u00e7al\u0131\u015fma ortam\u0131 bilincinin geli\u015ftirilmesi hedeflendi.<\/p>\n<p>Narkotik Su\u00e7larla M\u00fccadele \u015eube M\u00fcd\u00fcrl\u00fc\u011f\u00fcnde g\u00f6rev yapan Narko Rehberler taraf\u0131ndan verilen \u2019NarkoGen\u00e7lik\u2019 e\u011fitiminde ise ba\u011f\u0131ml\u0131l\u0131kla m\u00fccadele konusunda \u00f6\u011frencilerin bilin\u00e7lendirilmesi ama\u00e7land\u0131. E\u011fitimde \u2019Narkotik Su\u00e7larla M\u00fccadelenin \u00d6nemi\u2019, \u2019Madde Ba\u011f\u0131ml\u0131l\u0131\u011f\u0131, Kullan\u0131m\u0131 ve Etkileri\u2019, \u2019Narkotik Maddeler Nelerdir?\u2019, \u2019Uyu\u015fturucu Sat\u0131lan Yerler ve Kullan\u0131m Mekanlar\u0131\u2019, \u2019Uyu\u015fturucu Su\u00e7lar\u0131nda Yasal Durum\u2019 ile \u2019Madde Kullan\u0131m\u0131 ve Ba\u011f\u0131ml\u0131l\u0131\u011f\u0131 ile M\u00fccadele Merkezleri\u2019 ba\u015fl\u0131klar\u0131nda bilgiler payla\u015f\u0131ld\u0131.<\/p>\n<p>Kat\u0131l\u0131mc\u0131lar\u0131n aktif ilgisiyle ger\u00e7ekle\u015fen program sonunda \u00f6\u011frenciler, i\u015f sa\u011fl\u0131\u011f\u0131 ve g\u00fcvenli\u011fi uygulamalar\u0131 ile ba\u011f\u0131ml\u0131l\u0131kla m\u00fccadeleye dair g\u00fcncel ve kapsaml\u0131 bilgiler edinme f\u0131rsat\u0131 buldu.<br \/><\/p>\n","protected":false},"excerpt":{"rendered":"<p>Ayd\u0131n Adnan Menderes \u00dcniversitesi Di\u015f Hekimli\u011fi Fak\u00fcltesi 4. ve 5. s\u0131n\u0131f \u00f6\u011frencilerine y\u00f6nelik, \u2019Laboratuvar \u0130\u015f Sa\u011fl\u0131\u011f\u0131 ve G\u00fcvenli\u011fi\u2019 ile \u2019NarkoGen\u00e7lik\u2019 ba\u015fl\u0131kl\u0131 e\u011fitim programlar\u0131 d\u00fczenlendi. Adnan Menderes \u00dcniversitesi (AD\u00dc) \u0130\u015f Sa\u011fl\u0131\u011f\u0131 ve G\u00fcvenli\u011fi (\u0130SG) Profesyoneli G\u00fclay Kandemir taraf\u0131ndan verilen \u2019Laboratuvar \u0130\u015f Sa\u011fl\u0131\u011f\u0131 ve G\u00fcvenli\u011fi\u2019 e\u011fitiminde, laboratuvar ortam\u0131nda dikkat edilmesi gereken hususlar ele al\u0131narak \u00f6zellikle ispirto oca\u011f\u0131&#8230;<\/p>\n","protected":false},"author":1,"featured_media":49508,"comment_status":"open","ping_status":"open","sticky":false,"template":"","format":"standard","meta":{"_crdt_document":"","footnotes":""},"categories":[1],"tags":[],"class_list":["post-49507","post","type-post","status-publish","format-standard","has-post-thumbnail","hentry","category-guncel"],"_links":{"self":[{"href":"https:\/\/www.egemtv.com\/index.php?rest_route=\/wp\/v2\/posts\/49507","targetHints":{"allow":["GET"]}}],"collection":[{"href":"https:\/\/www.egemtv.com\/index.php?rest_route=\/wp\/v2\/posts"}],"about":[{"href":"https:\/\/www.egemtv.com\/index.php?rest_route=\/wp\/v2\/types\/post"}],"author":[{"embeddable":true,"href":"https:\/\/www.egemtv.com\/index.php?rest_route=\/wp\/v2\/users\/1"}],"replies":[{"embeddable":true,"href":"https:\/\/www.egemtv.com\/index.php?rest_route=%2Fwp%2Fv2%2Fcomments&post=49507"}],"version-history":[{"count":1,"href":"https:\/\/www.egemtv.com\/index.php?rest_route=\/wp\/v2\/posts\/49507\/revisions"}],"predecessor-version":[{"id":49509,"href":"https:\/\/www.egemtv.com\/index.php?rest_route=\/wp\/v2\/posts\/49507\/revisions\/49509"}],"wp:featuredmedia":[{"embeddable":true,"href":"https:\/\/www.egemtv.com\/index.php?rest_route=\/wp\/v2\/media\/49508"}],"wp:attachment":[{"href":"https:\/\/www.egemtv.com\/index.php?rest_route=%2Fwp%2Fv2%2Fmedia&parent=49507"}],"wp:term":[{"taxonomy":"category","embeddable":true,"href":"https:\/\/www.egemtv.com\/index.php?rest_route=%2Fwp%2Fv2%2Fcategories&post=49507"},{"taxonomy":"post_tag","embeddable":true,"href":"https:\/\/www.egemtv.com\/index.php?rest_route=%2Fwp%2Fv2%2Ftags&post=49507"}],"curies":[{"name":"wp","href":"https:\/\/api.w.org\/{rel}","templated":true}]}}