{"id":49504,"date":"2025-08-18T12:14:58","date_gmt":"2025-08-18T09:14:58","guid":{"rendered":"https:\/\/www.egemtv.com\/?p=49504"},"modified":"2025-08-18T12:14:59","modified_gmt":"2025-08-18T09:14:59","slug":"domates-iscileri-col-sicaklarinda-saati-250-tlye-ter-dokuyor","status":"publish","type":"post","link":"https:\/\/www.egemtv.com\/?p=49504","title":{"rendered":"Domates i\u015f\u00e7ileri \u00e7\u00f6l s\u0131caklar\u0131nda saati 250 TL\u2019ye ter d\u00f6k\u00fcyor"},"content":{"rendered":"<p>\u00c7\u00f6l s\u0131caklar\u0131n\u0131n etkili oldu\u011fu ve termometrelerin 45 dereceyi g\u00f6sterdi\u011fi Ayd\u0131n\u2019da, domates i\u015f\u00e7ileri saatli\u011fi 150 ila 250 TL aras\u0131nda de\u011fi\u015fen \u00fccretlerle ekmek m\u00fccadelesi veriyor. G\u00fcnl\u00fck ancak 6 saat \u00e7al\u0131\u015fabilen domates i\u015f\u00e7ileri her \u015feye ra\u011fmen ekmek kazanman\u0131n mutlulu\u011funu ya\u015fad\u0131klar\u0131n\u0131 belirttiler.<\/p>\n<p>T\u00fcrkiye\u2019nin en \u00f6nemli tar\u0131m kentlerinin ba\u015f\u0131nda gelen Ayd\u0131n\u2019da domates hasad\u0131 devam ediyor. \u0130\u00e7 piyasaya oldu\u011fu kadar ihracata da g\u00f6nderilen domatesin hem \u00fcretim hem de hasat sezonunda i\u015f\u00e7iler mevsim normalleri \u00fczerinde seyreden \u00e7\u00f6l s\u0131caklar\u0131nda ciddi emek veriyor. Sabah saat 06:00\u2019da havan\u0131n ayd\u0131nlanmas\u0131 ile ba\u015flayan domates toplama i\u015fi, \u00f6\u011flen saat 12:00 s\u0131ralar\u0131nda tamamlan\u0131yor. Motorlar\u0131n bile hararet yapt\u0131\u011f\u0131 Ayd\u0131n Ovas\u0131\u2019nda yaz\u0131n \u00e7al\u0131\u015fman\u0131n olduk\u00e7a g\u00fc\u00e7 oldu\u011funu belirten \u0130\u015f\u00e7iler, &#8220;Ayd\u0131n\u2019da yaz d\u00f6neminde tar\u0131m i\u015fi yapmak d\u00fcnyan\u0131n en zor i\u015flerinden biridir. Teknoloji ve sanayi ne kadar geli\u015firse geli\u015fsin insan eli olmadan tar\u0131m yap\u0131lm\u0131yor. Zor bir i\u015fimiz var ama aln\u0131m\u0131z\u0131n teriyle ekme\u011fimizi kazand\u0131\u011f\u0131m\u0131z i\u00e7in mutluyuz&#8221; diye konu\u015ftular.<\/p>\n<p>T\u00fcrkiye\u2019nin en \u00f6nemli domates \u00fcretim merkezi Ayd\u0131n\u2019\u0131n K\u00f6\u015fk \u0130l\u00e7esi\u2019ne ba\u011fl\u0131 \u00c7iftlik Mahallesi\u2019nde her g\u00fcn tonlarca domates toplan\u0131yor. \u0130\u015f\u00e7iler binbir emekle \u00fcretilen domatesleri g\u00fcne\u015fin yak\u0131c\u0131 etkisine ra\u011fmen sabah 06.00\u2019da mesaiye ba\u015flay\u0131p \u00f6\u011flene kadar topluyor. Domates hasat i\u015finde kad\u0131nlara g\u00fcnl\u00fck bin TL, domates selesi \u00e7eken erkeklere ise bin 500 TL yevmiye \u00fccreti \u00f6deniyor.<\/p>\n<p>&#8220;Her a\u015famada biz var\u0131z&#8221;<br \/>\n<br \/>Tarlada hasat yapan i\u015f\u00e7ilerden H\u00fclya Ayd\u0131n, &#8220;Sabah 06.00\u2019da tarlaya gelip i\u015fe ba\u015fl\u0131yoruz. Hava \u00e7ok s\u0131cak oldu\u011fu i\u00e7in \u00f6\u011flen saatlerinde b\u0131rak\u0131yoruz. G\u00fcne\u015f y\u00fckseldik\u00e7e \u00e7al\u0131\u015fmak daha da zorla\u015f\u0131yor, nefes almak bile g\u00fc\u00e7le\u015fiyor. Ama ekme\u011fimizi buradan kazan\u0131yoruz, mecburuz. Emeklili\u011fimiz yok, g\u00fcnl\u00fck yevmiye i\u00e7in \u00e7al\u0131\u015fmak zorunday\u0131z. Domatesin dikiminden \u00e7apalama ve toplamaya kadar her a\u015famada biz var\u0131z&#8221; dedi.<\/p>\n<p>&#8220;25 kiloluk kasalar\u0131 omuzlar\u0131m\u0131zda ya\u015f\u0131yoruz&#8221;<br \/>\n<br \/>Tarlada i\u015f\u00e7ilik yapan O\u011fulcan Alyanak ise, &#8220;Kad\u0131nlar\u0131n toplad\u0131\u011f\u0131 domatesleri s\u0131rt\u0131m\u0131zda trakt\u00f6re ta\u015f\u0131yoruz. Her seferinde 20-25 kilo y\u00fck kald\u0131r\u0131yoruz. Tepemizde g\u00fcne\u015f s\u0131rt\u0131m\u0131zda ise domates kasalar\u0131yla gidip geliyoruz. Y\u00fck ta\u015f\u0131mak hem belimizi hem de dizlerimizi \u00e7ok zorluyor. Ama ertesi sabah yine g\u00fcn do\u011fmadan burada oluyoruz. S\u0131ca\u011fa, yorgunlu\u011fa, toz- topra\u011fa ra\u011fmen ekme\u011fimizi kazanmak i\u00e7in tarlaya al\u0131n teri d\u00f6k\u00fcyoruz&#8221; diye konu\u015ftu.<br \/><\/p>\n","protected":false},"excerpt":{"rendered":"<p>\u00c7\u00f6l s\u0131caklar\u0131n\u0131n etkili oldu\u011fu ve termometrelerin 45 dereceyi g\u00f6sterdi\u011fi Ayd\u0131n\u2019da, domates i\u015f\u00e7ileri saatli\u011fi 150 ila 250 TL aras\u0131nda de\u011fi\u015fen \u00fccretlerle ekmek m\u00fccadelesi veriyor. G\u00fcnl\u00fck ancak 6 saat \u00e7al\u0131\u015fabilen domates i\u015f\u00e7ileri her \u015feye ra\u011fmen ekmek kazanman\u0131n mutlulu\u011funu ya\u015fad\u0131klar\u0131n\u0131 belirttiler. T\u00fcrkiye\u2019nin en \u00f6nemli tar\u0131m kentlerinin ba\u015f\u0131nda gelen Ayd\u0131n\u2019da domates hasad\u0131 devam ediyor. \u0130\u00e7 piyasaya oldu\u011fu kadar ihracata&#8230;<\/p>\n","protected":false},"author":1,"featured_media":49505,"comment_status":"open","ping_status":"open","sticky":false,"template":"","format":"standard","meta":{"_crdt_document":"","footnotes":""},"categories":[1],"tags":[],"class_list":["post-49504","post","type-post","status-publish","format-standard","has-post-thumbnail","hentry","category-guncel"],"_links":{"self":[{"href":"https:\/\/www.egemtv.com\/index.php?rest_route=\/wp\/v2\/posts\/49504","targetHints":{"allow":["GET"]}}],"collection":[{"href":"https:\/\/www.egemtv.com\/index.php?rest_route=\/wp\/v2\/posts"}],"about":[{"href":"https:\/\/www.egemtv.com\/index.php?rest_route=\/wp\/v2\/types\/post"}],"author":[{"embeddable":true,"href":"https:\/\/www.egemtv.com\/index.php?rest_route=\/wp\/v2\/users\/1"}],"replies":[{"embeddable":true,"href":"https:\/\/www.egemtv.com\/index.php?rest_route=%2Fwp%2Fv2%2Fcomments&post=49504"}],"version-history":[{"count":1,"href":"https:\/\/www.egemtv.com\/index.php?rest_route=\/wp\/v2\/posts\/49504\/revisions"}],"predecessor-version":[{"id":49506,"href":"https:\/\/www.egemtv.com\/index.php?rest_route=\/wp\/v2\/posts\/49504\/revisions\/49506"}],"wp:featuredmedia":[{"embeddable":true,"href":"https:\/\/www.egemtv.com\/index.php?rest_route=\/wp\/v2\/media\/49505"}],"wp:attachment":[{"href":"https:\/\/www.egemtv.com\/index.php?rest_route=%2Fwp%2Fv2%2Fmedia&parent=49504"}],"wp:term":[{"taxonomy":"category","embeddable":true,"href":"https:\/\/www.egemtv.com\/index.php?rest_route=%2Fwp%2Fv2%2Fcategories&post=49504"},{"taxonomy":"post_tag","embeddable":true,"href":"https:\/\/www.egemtv.com\/index.php?rest_route=%2Fwp%2Fv2%2Ftags&post=49504"}],"curies":[{"name":"wp","href":"https:\/\/api.w.org\/{rel}","templated":true}]}}