{"id":49501,"date":"2025-08-18T11:54:58","date_gmt":"2025-08-18T08:54:58","guid":{"rendered":"https:\/\/www.egemtv.com\/?p=49501"},"modified":"2025-08-18T11:54:59","modified_gmt":"2025-08-18T08:54:59","slug":"turgutlu-tarihi-belgeselinin-yeni-bolumu-yayinlandi","status":"publish","type":"post","link":"https:\/\/www.egemtv.com\/?p=49501","title":{"rendered":"Turgutlu Tarihi Belgeselinin yeni b\u00f6l\u00fcm\u00fc yay\u0131nland\u0131"},"content":{"rendered":"<p>Turgutlu Belediyesinin haz\u0131rlad\u0131\u011f\u0131 Turgutlu Tarihi Belgeselinin 38. b\u00f6l\u00fcm\u00fc yay\u0131nland\u0131. Belgeselin bu b\u00f6l\u00fcm\u00fcnde halk aras\u0131nda \u2018eski belediye binas\u0131\u2019 olarak bilinen Turgutlu Belediyesi Etkinlik Merkezi\u2019nin yakla\u015f\u0131k 350 y\u0131la uzanan tarihi ele al\u0131n\u0131yor.<br \/>\n<br \/>Turgutlu Belediyesi K\u00fclt\u00fcr ve Sosyal \u0130\u015fler M\u00fcd\u00fcrl\u00fc\u011f\u00fc\u2019ne ba\u011fl\u0131 olarak faaliyetlerini s\u00fcrd\u00fcren Turgutlu Kent M\u00fczesi uzmanlar\u0131 taraf\u0131ndan haz\u0131rlanan Turgutlu Tarihi belgeselinin yeni b\u00f6l\u00fcm\u00fcnde Ermeni Kilisesi, Halkevi ve sonras\u0131ndaki d\u00f6nemde de belediye hizmet binas\u0131 olarak kullan\u0131lan tarih\u00ee yap\u0131 konu edildi.<br \/>\n<br \/>Yaln\u0131zca yap\u0131lar\u0131n tarihinin bile bir kentin tarihini anlamland\u0131rmada \u00e7ok \u00f6nemli rol\u00fc oldu\u011funu ifade eden Turgutlu Belediye Ba\u015fkan Yard\u0131mc\u0131s\u0131 H\u00fcseyin Maliz, &#8220;Belgeselimizin bu b\u00f6l\u00fcm\u00fcnde eski belediye binam\u0131z ele al\u0131nd\u0131. Sonraki b\u00f6l\u00fcmlerde de yine ba\u015fka tarih\u00ee yap\u0131lar\u0131m\u0131z i\u015flenecek. Bu yap\u0131lar\u0131 hepimizin tan\u0131mas\u0131 gerekti\u011fini d\u00fc\u015f\u00fcn\u00fcyoruz. Tarihle ilgili bir bilince ula\u015fabilmek i\u00e7in \u00f6ncelikle bilgi sahibi olmam\u0131z gerekiyor. Eme\u011fi ge\u00e7en arkada\u015flar\u0131ma te\u015fekk\u00fcr ediyorum&#8221; diye konu\u015ftu.<br \/><\/p>\n","protected":false},"excerpt":{"rendered":"<p>Turgutlu Belediyesinin haz\u0131rlad\u0131\u011f\u0131 Turgutlu Tarihi Belgeselinin 38. b\u00f6l\u00fcm\u00fc yay\u0131nland\u0131. Belgeselin bu b\u00f6l\u00fcm\u00fcnde halk aras\u0131nda \u2018eski belediye binas\u0131\u2019 olarak bilinen Turgutlu Belediyesi Etkinlik Merkezi\u2019nin yakla\u015f\u0131k 350 y\u0131la uzanan tarihi ele al\u0131n\u0131yor. Turgutlu Belediyesi K\u00fclt\u00fcr ve Sosyal \u0130\u015fler M\u00fcd\u00fcrl\u00fc\u011f\u00fc\u2019ne ba\u011fl\u0131 olarak faaliyetlerini s\u00fcrd\u00fcren Turgutlu Kent M\u00fczesi uzmanlar\u0131 taraf\u0131ndan haz\u0131rlanan Turgutlu Tarihi belgeselinin yeni b\u00f6l\u00fcm\u00fcnde Ermeni Kilisesi, Halkevi&#8230;<\/p>\n","protected":false},"author":1,"featured_media":49502,"comment_status":"open","ping_status":"open","sticky":false,"template":"","format":"standard","meta":{"_crdt_document":"","footnotes":""},"categories":[1],"tags":[],"class_list":["post-49501","post","type-post","status-publish","format-standard","has-post-thumbnail","hentry","category-guncel"],"_links":{"self":[{"href":"https:\/\/www.egemtv.com\/index.php?rest_route=\/wp\/v2\/posts\/49501","targetHints":{"allow":["GET"]}}],"collection":[{"href":"https:\/\/www.egemtv.com\/index.php?rest_route=\/wp\/v2\/posts"}],"about":[{"href":"https:\/\/www.egemtv.com\/index.php?rest_route=\/wp\/v2\/types\/post"}],"author":[{"embeddable":true,"href":"https:\/\/www.egemtv.com\/index.php?rest_route=\/wp\/v2\/users\/1"}],"replies":[{"embeddable":true,"href":"https:\/\/www.egemtv.com\/index.php?rest_route=%2Fwp%2Fv2%2Fcomments&post=49501"}],"version-history":[{"count":1,"href":"https:\/\/www.egemtv.com\/index.php?rest_route=\/wp\/v2\/posts\/49501\/revisions"}],"predecessor-version":[{"id":49503,"href":"https:\/\/www.egemtv.com\/index.php?rest_route=\/wp\/v2\/posts\/49501\/revisions\/49503"}],"wp:featuredmedia":[{"embeddable":true,"href":"https:\/\/www.egemtv.com\/index.php?rest_route=\/wp\/v2\/media\/49502"}],"wp:attachment":[{"href":"https:\/\/www.egemtv.com\/index.php?rest_route=%2Fwp%2Fv2%2Fmedia&parent=49501"}],"wp:term":[{"taxonomy":"category","embeddable":true,"href":"https:\/\/www.egemtv.com\/index.php?rest_route=%2Fwp%2Fv2%2Fcategories&post=49501"},{"taxonomy":"post_tag","embeddable":true,"href":"https:\/\/www.egemtv.com\/index.php?rest_route=%2Fwp%2Fv2%2Ftags&post=49501"}],"curies":[{"name":"wp","href":"https:\/\/api.w.org\/{rel}","templated":true}]}}