{"id":49498,"date":"2025-08-18T11:34:42","date_gmt":"2025-08-18T08:34:42","guid":{"rendered":"https:\/\/www.egemtv.com\/?p=49498"},"modified":"2025-08-18T11:34:43","modified_gmt":"2025-08-18T08:34:43","slug":"komsularin-bicakli-kavgasinda-yaralanan-sahis-kurtarimadi","status":"publish","type":"post","link":"https:\/\/www.egemtv.com\/?p=49498","title":{"rendered":"Kom\u015fular\u0131n b\u0131\u00e7akl\u0131 kavgas\u0131nda yaralanan \u015fah\u0131s kurtar\u0131mad\u0131"},"content":{"rendered":"<p>Denizli\u2019nin Babada\u011f il\u00e7esinde, kom\u015fular aras\u0131nda ba\u015flayan tart\u0131\u015fma b\u0131\u00e7akl\u0131 kavgaya d\u00f6n\u00fc\u015ft\u00fc. B\u0131\u00e7akl\u0131 kavgada a\u011f\u0131r yaralanan \u015fah\u0131s, kald\u0131r\u0131ld\u0131\u011f\u0131 hastanede hayat\u0131n\u0131 kaybetti.<\/p>\n<p>Olay, \u00f6nceki gece Denizli\u2019nin Babada\u011f il\u00e7esine ba\u011fl\u0131 Kelleci Mahallesi\u2019nde meydana geldi. Olayla ilgili edinilen bilgiye g\u00f6re, Cihan G. ile kom\u015fusu Ertu\u011frul Ero\u011flu aras\u0131nda hen\u00fcz belirlenemeyen nedenle tart\u0131\u015fma \u00e7\u0131kt\u0131. Kom\u015fular aras\u0131ndaki tart\u0131\u015fma h\u0131zla  kavgaya d\u00f6n\u00fc\u015ft\u00fc. Cihan G. yan\u0131nda ta\u015f\u0131d\u0131\u011f\u0131 b\u0131\u00e7akla Ero\u011flu\u2019nu karn\u0131ndan b\u0131\u00e7aklayarak yaralad\u0131. Olay\u0131 g\u00f6ren vatanda\u015flar\u0131n ihbar\u0131 \u00fczerine olay yerine sa\u011fl\u0131k ve jandarma ekipleri sevk edildi. Yaral\u0131 Ertu\u011frul Ero\u011flu sa\u011fl\u0131k ekipleri taraf\u0131ndan olay yerinde yap\u0131lan ilk m\u00fcdahalenin ard\u0131ndan ambulansla Denizli Servergazi Devlet Hastanesi\u2019ne nakil edildi. Hastanede tedavi alt\u0131na al\u0131nan Ero\u011flu doktorlar\u0131n t\u00fcm \u00e7abas\u0131na ra\u011fmen hayat\u0131n\u0131 kaybetti.<\/p>\n<p>Olay yerinde jandarma ekipleri taraf\u0131ndan Cihan G.\u2019yi g\u00f6zalt\u0131na ald\u0131. Ertu\u011frul Ero\u011flu\u2019nun cenazesi Adli T\u0131p Kurumunda yap\u0131lan otopsinin ard\u0131ndan Kelleci Mahalle Cami\u2019sinde k\u0131l\u0131nan cenaze namaz\u0131n\u0131n ard\u0131ndan mahalle mezarl\u0131\u011f\u0131nda topra\u011fa verildi.<br \/><\/p>\n","protected":false},"excerpt":{"rendered":"<p>Denizli\u2019nin Babada\u011f il\u00e7esinde, kom\u015fular aras\u0131nda ba\u015flayan tart\u0131\u015fma b\u0131\u00e7akl\u0131 kavgaya d\u00f6n\u00fc\u015ft\u00fc. B\u0131\u00e7akl\u0131 kavgada a\u011f\u0131r yaralanan \u015fah\u0131s, kald\u0131r\u0131ld\u0131\u011f\u0131 hastanede hayat\u0131n\u0131 kaybetti. Olay, \u00f6nceki gece Denizli\u2019nin Babada\u011f il\u00e7esine ba\u011fl\u0131 Kelleci Mahallesi\u2019nde meydana geldi. Olayla ilgili edinilen bilgiye g\u00f6re, Cihan G. ile kom\u015fusu Ertu\u011frul Ero\u011flu aras\u0131nda hen\u00fcz belirlenemeyen nedenle tart\u0131\u015fma \u00e7\u0131kt\u0131. Kom\u015fular aras\u0131ndaki tart\u0131\u015fma h\u0131zla kavgaya d\u00f6n\u00fc\u015ft\u00fc. Cihan G&#8230;.<\/p>\n","protected":false},"author":1,"featured_media":49499,"comment_status":"open","ping_status":"open","sticky":false,"template":"","format":"standard","meta":{"_crdt_document":"","footnotes":""},"categories":[5],"tags":[],"class_list":["post-49498","post","type-post","status-publish","format-standard","has-post-thumbnail","hentry","category-asayis"],"_links":{"self":[{"href":"https:\/\/www.egemtv.com\/index.php?rest_route=\/wp\/v2\/posts\/49498","targetHints":{"allow":["GET"]}}],"collection":[{"href":"https:\/\/www.egemtv.com\/index.php?rest_route=\/wp\/v2\/posts"}],"about":[{"href":"https:\/\/www.egemtv.com\/index.php?rest_route=\/wp\/v2\/types\/post"}],"author":[{"embeddable":true,"href":"https:\/\/www.egemtv.com\/index.php?rest_route=\/wp\/v2\/users\/1"}],"replies":[{"embeddable":true,"href":"https:\/\/www.egemtv.com\/index.php?rest_route=%2Fwp%2Fv2%2Fcomments&post=49498"}],"version-history":[{"count":1,"href":"https:\/\/www.egemtv.com\/index.php?rest_route=\/wp\/v2\/posts\/49498\/revisions"}],"predecessor-version":[{"id":49500,"href":"https:\/\/www.egemtv.com\/index.php?rest_route=\/wp\/v2\/posts\/49498\/revisions\/49500"}],"wp:featuredmedia":[{"embeddable":true,"href":"https:\/\/www.egemtv.com\/index.php?rest_route=\/wp\/v2\/media\/49499"}],"wp:attachment":[{"href":"https:\/\/www.egemtv.com\/index.php?rest_route=%2Fwp%2Fv2%2Fmedia&parent=49498"}],"wp:term":[{"taxonomy":"category","embeddable":true,"href":"https:\/\/www.egemtv.com\/index.php?rest_route=%2Fwp%2Fv2%2Fcategories&post=49498"},{"taxonomy":"post_tag","embeddable":true,"href":"https:\/\/www.egemtv.com\/index.php?rest_route=%2Fwp%2Fv2%2Ftags&post=49498"}],"curies":[{"name":"wp","href":"https:\/\/api.w.org\/{rel}","templated":true}]}}