{"id":49495,"date":"2025-08-18T11:34:41","date_gmt":"2025-08-18T08:34:41","guid":{"rendered":"https:\/\/www.egemtv.com\/?p=49495"},"modified":"2025-08-18T11:34:42","modified_gmt":"2025-08-18T08:34:42","slug":"fethiyede-motosiklet-kazasi-1-olu","status":"publish","type":"post","link":"https:\/\/www.egemtv.com\/?p=49495","title":{"rendered":"Fethiye\u2019de motosiklet kazas\u0131: 1 \u00f6l\u00fc"},"content":{"rendered":"<p>Mu\u011fla\u2019n\u0131n Fethiye il\u00e7esinde s\u00fcr\u00fcc\u00fcs\u00fcn\u00fcn hakimiyetini kaybetmesi sonucu \u015farampole devrilen motosikletteki kad\u0131n yolcu hayat\u0131n\u0131 kaybetti.<\/p>\n<p>Kaza, \u00c7ameli-Fethiye karayolu Ye\u015fil\u00fcz\u00fcml\u00fc mevkiinde meydana geldi. Edinilen bilgiye g\u00f6re, H.M.D. idaresindeki 48 UB 750 plakal\u0131 motosiklet, s\u00fcr\u00fcc\u00fcs\u00fcn\u00fcn hen\u00fcz bilinmeyen bir nedenle hakimiyetini kaybetmesi sonucu \u015farampole devrildi. Kazay\u0131 g\u00f6renlerin durumu 112 Acil \u00c7a\u011fr\u0131 Merkezi\u2019ne bildirmesi \u00fczerine olay yerine sa\u011fl\u0131k ve jandarma ekipleri sevk edildi. Kazada yaralanan s\u00fcr\u00fcc\u00fc ile yolcu Eda Ko\u00e7in (26) il\u00e7edeki hastanelere kald\u0131r\u0131ld\u0131. Ko\u00e7in, kald\u0131r\u0131ld\u0131\u011f\u0131 hastanede doktorlar\u0131n t\u00fcm \u00e7abalar\u0131na ra\u011fmen kurtar\u0131lamad\u0131. Ko\u00e7in\u2019in \u00f6l\u00fcm haberi ailesi ve t\u00fcm sevenlerini yasa bo\u011fdu.<\/p>\n<p>Kazayla ilgili soru\u015fturma s\u00fcr\u00fcyor.<br \/><\/p>\n","protected":false},"excerpt":{"rendered":"<p>Mu\u011fla\u2019n\u0131n Fethiye il\u00e7esinde s\u00fcr\u00fcc\u00fcs\u00fcn\u00fcn hakimiyetini kaybetmesi sonucu \u015farampole devrilen motosikletteki kad\u0131n yolcu hayat\u0131n\u0131 kaybetti. Kaza, \u00c7ameli-Fethiye karayolu Ye\u015fil\u00fcz\u00fcml\u00fc mevkiinde meydana geldi. Edinilen bilgiye g\u00f6re, H.M.D. idaresindeki 48 UB 750 plakal\u0131 motosiklet, s\u00fcr\u00fcc\u00fcs\u00fcn\u00fcn hen\u00fcz bilinmeyen bir nedenle hakimiyetini kaybetmesi sonucu \u015farampole devrildi. Kazay\u0131 g\u00f6renlerin durumu 112 Acil \u00c7a\u011fr\u0131 Merkezi\u2019ne bildirmesi \u00fczerine olay yerine sa\u011fl\u0131k ve jandarma&#8230;<\/p>\n","protected":false},"author":1,"featured_media":49496,"comment_status":"open","ping_status":"open","sticky":false,"template":"","format":"standard","meta":{"_crdt_document":"","footnotes":""},"categories":[5],"tags":[],"class_list":["post-49495","post","type-post","status-publish","format-standard","has-post-thumbnail","hentry","category-asayis"],"_links":{"self":[{"href":"https:\/\/www.egemtv.com\/index.php?rest_route=\/wp\/v2\/posts\/49495","targetHints":{"allow":["GET"]}}],"collection":[{"href":"https:\/\/www.egemtv.com\/index.php?rest_route=\/wp\/v2\/posts"}],"about":[{"href":"https:\/\/www.egemtv.com\/index.php?rest_route=\/wp\/v2\/types\/post"}],"author":[{"embeddable":true,"href":"https:\/\/www.egemtv.com\/index.php?rest_route=\/wp\/v2\/users\/1"}],"replies":[{"embeddable":true,"href":"https:\/\/www.egemtv.com\/index.php?rest_route=%2Fwp%2Fv2%2Fcomments&post=49495"}],"version-history":[{"count":1,"href":"https:\/\/www.egemtv.com\/index.php?rest_route=\/wp\/v2\/posts\/49495\/revisions"}],"predecessor-version":[{"id":49497,"href":"https:\/\/www.egemtv.com\/index.php?rest_route=\/wp\/v2\/posts\/49495\/revisions\/49497"}],"wp:featuredmedia":[{"embeddable":true,"href":"https:\/\/www.egemtv.com\/index.php?rest_route=\/wp\/v2\/media\/49496"}],"wp:attachment":[{"href":"https:\/\/www.egemtv.com\/index.php?rest_route=%2Fwp%2Fv2%2Fmedia&parent=49495"}],"wp:term":[{"taxonomy":"category","embeddable":true,"href":"https:\/\/www.egemtv.com\/index.php?rest_route=%2Fwp%2Fv2%2Fcategories&post=49495"},{"taxonomy":"post_tag","embeddable":true,"href":"https:\/\/www.egemtv.com\/index.php?rest_route=%2Fwp%2Fv2%2Ftags&post=49495"}],"curies":[{"name":"wp","href":"https:\/\/api.w.org\/{rel}","templated":true}]}}