{"id":49492,"date":"2025-08-18T11:14:57","date_gmt":"2025-08-18T08:14:57","guid":{"rendered":"https:\/\/www.egemtv.com\/?p=49492"},"modified":"2025-08-18T11:14:58","modified_gmt":"2025-08-18T08:14:58","slug":"motosikletle-kaza-yapan-sahsin-cansiz-bedeni-saatler-sonra-bulundu","status":"publish","type":"post","link":"https:\/\/www.egemtv.com\/?p=49492","title":{"rendered":"Motosikletle kaza yapan \u015fahs\u0131n cans\u0131z bedeni saatler sonra bulundu"},"content":{"rendered":"<p>Denizli\u2019nin Kale \u0130l\u00e7esi\u2019nde motosikleti ile kaza yapan 31 ya\u015f\u0131ndaki \u015fah\u0131s hayat\u0131n\u0131 kaybetti. Talihsiz gencin cans\u0131z bedeni kazadan 4 saat sonra bulundu.<br \/>\n<br \/>Kaza, Denizli\u2019nin Kale il\u00e7esinde meydana geldi. Edinilen bilgilere g\u00f6re, Serdar Sa\u011f\u0131t (31), motosikleti ile seyir halindeyken direksiyon hakimiyetini kaybetmesi \u00fczerine kaza yapt\u0131. Denizli -Mu\u011fla karayolunda meydana gelen kazada gece 04.00 s\u0131ralar\u0131nda yol kenar\u0131nda Sa\u011f\u0131t\u2019\u0131 ve motosikletini fark eden bir s\u00fcr\u00fcc\u00fcn\u00fcn ihbar\u0131 \u00fczerine b\u00f6lgeye polis ve sa\u011fl\u0131k ekipleri sevk edildi. Yap\u0131lan incelemelerde olay yerinde motosiklet s\u00fcr\u00fcc\u00fcs\u00fcn\u00fcn ya\u015fam\u0131n\u0131 yitirdi\u011fi belirlenirken, kazan\u0131n ise yakla\u015f\u0131k 4 saat \u00f6nce meydana geldi\u011fi \u00f6\u011frenildi.<\/p>\n<p>Serdar Sa\u011f\u0131t\u2019\u0131n cenazesi bug\u00fcn \u00f6\u011fle namaz\u0131na m\u00fcteakip Kale il\u00e7esi G\u00f6k\u00e7e\u00f6\u011fren Mahallesi\u2019nde k\u0131l\u0131nacak cenaze namaz\u0131n\u0131n ard\u0131ndan mezarl\u0131\u011fa defnedilmesi bekleniyor.<br \/>\n<br \/>Kazayla ilgili soru\u015fturma ba\u015flat\u0131ld\u0131.<br \/><\/p>\n","protected":false},"excerpt":{"rendered":"<p>Denizli\u2019nin Kale \u0130l\u00e7esi\u2019nde motosikleti ile kaza yapan 31 ya\u015f\u0131ndaki \u015fah\u0131s hayat\u0131n\u0131 kaybetti. Talihsiz gencin cans\u0131z bedeni kazadan 4 saat sonra bulundu. Kaza, Denizli\u2019nin Kale il\u00e7esinde meydana geldi. Edinilen bilgilere g\u00f6re, Serdar Sa\u011f\u0131t (31), motosikleti ile seyir halindeyken direksiyon hakimiyetini kaybetmesi \u00fczerine kaza yapt\u0131. Denizli -Mu\u011fla karayolunda meydana gelen kazada gece 04.00 s\u0131ralar\u0131nda yol kenar\u0131nda Sa\u011f\u0131t\u2019\u0131&#8230;<\/p>\n","protected":false},"author":1,"featured_media":49493,"comment_status":"open","ping_status":"open","sticky":false,"template":"","format":"standard","meta":{"_crdt_document":"","footnotes":""},"categories":[5],"tags":[],"class_list":["post-49492","post","type-post","status-publish","format-standard","has-post-thumbnail","hentry","category-asayis"],"_links":{"self":[{"href":"https:\/\/www.egemtv.com\/index.php?rest_route=\/wp\/v2\/posts\/49492","targetHints":{"allow":["GET"]}}],"collection":[{"href":"https:\/\/www.egemtv.com\/index.php?rest_route=\/wp\/v2\/posts"}],"about":[{"href":"https:\/\/www.egemtv.com\/index.php?rest_route=\/wp\/v2\/types\/post"}],"author":[{"embeddable":true,"href":"https:\/\/www.egemtv.com\/index.php?rest_route=\/wp\/v2\/users\/1"}],"replies":[{"embeddable":true,"href":"https:\/\/www.egemtv.com\/index.php?rest_route=%2Fwp%2Fv2%2Fcomments&post=49492"}],"version-history":[{"count":1,"href":"https:\/\/www.egemtv.com\/index.php?rest_route=\/wp\/v2\/posts\/49492\/revisions"}],"predecessor-version":[{"id":49494,"href":"https:\/\/www.egemtv.com\/index.php?rest_route=\/wp\/v2\/posts\/49492\/revisions\/49494"}],"wp:featuredmedia":[{"embeddable":true,"href":"https:\/\/www.egemtv.com\/index.php?rest_route=\/wp\/v2\/media\/49493"}],"wp:attachment":[{"href":"https:\/\/www.egemtv.com\/index.php?rest_route=%2Fwp%2Fv2%2Fmedia&parent=49492"}],"wp:term":[{"taxonomy":"category","embeddable":true,"href":"https:\/\/www.egemtv.com\/index.php?rest_route=%2Fwp%2Fv2%2Fcategories&post=49492"},{"taxonomy":"post_tag","embeddable":true,"href":"https:\/\/www.egemtv.com\/index.php?rest_route=%2Fwp%2Fv2%2Ftags&post=49492"}],"curies":[{"name":"wp","href":"https:\/\/api.w.org\/{rel}","templated":true}]}}