{"id":49489,"date":"2025-08-18T11:14:56","date_gmt":"2025-08-18T08:14:56","guid":{"rendered":"https:\/\/www.egemtv.com\/?p=49489"},"modified":"2025-08-18T11:14:57","modified_gmt":"2025-08-18T08:14:57","slug":"polis-memuru-bosanma-asamasinda-oldugu-esine-kursun-yagdirdi","status":"publish","type":"post","link":"https:\/\/www.egemtv.com\/?p=49489","title":{"rendered":"Polis memuru bo\u015fanma a\u015famas\u0131nda oldu\u011fu e\u015fine kur\u015fun ya\u011fd\u0131rd\u0131"},"content":{"rendered":"<p>Ayd\u0131n\u2019\u0131n Nazilli il\u00e7esinde bir polis memuru, bo\u015fanma a\u015famas\u0131nda oldu\u011fu e\u015fine kur\u015fun ya\u011fd\u0131rd\u0131. A\u011f\u0131r yaralanan kad\u0131n kald\u0131r\u0131ld\u0131\u011f\u0131 hastanede hayat\u0131n\u0131 kaybetti.<br \/>\n<br \/>Olay sabah saatlerinde Zafer Mahallesi 107 sokak \u00fczerinde bulunan bir \u00e7eyiz d\u00fckkan\u0131nda meydana geldi. Edinilen bilgiye g\u00f6re; Nazilli \u0130l\u00e7e Emniyet M\u00fcd\u00fcrl\u00fc\u011f\u00fc\u2019nde g\u00f6revli polis memuru H.D. bo\u015fanma a\u015famas\u0131ndaki e\u015fi Burcu Derin\u2019in \u00e7al\u0131\u015ft\u0131\u011f\u0131 d\u00fckkana geldi. Burada e\u015fiyle tart\u0131\u015fan polis memuru H.D. tabancas\u0131n\u0131 \u00e7\u0131kar\u0131p ate\u015f etmeye ba\u015flad\u0131. Bu s\u0131rada v\u00fccudunun de\u011fi\u015fik yerlerine kur\u015fun isabet eden H.D. a\u011f\u0131r yaraland\u0131.<br \/>\n<br \/>\u00c7evredekilerin ihbar\u0131 \u00fczerine olay yerine polis ve sa\u011fl\u0131k ekibi sevk edildi. A\u011f\u0131r yaralanan kad\u0131n ambulansla Nazilli Devlet Hastanesi\u2019ne kald\u0131r\u0131ld\u0131. Cinnet ge\u00e7irip e\u015fine kur\u015fun ya\u011fd\u0131ran polis memuru ise meslekta\u015flar\u0131 taraf\u0131ndan g\u00f6zalt\u0131na al\u0131nd\u0131.<br \/>\n<br \/>Hastaneye kald\u0131r\u0131lan Burcu Derin, sa\u011fl\u0131k g\u00f6revlilerinin t\u00fcm m\u00fcdahalelerine ra\u011fmen hayat\u0131n\u0131 kaybetti. Cumhuriyet Savc\u0131l\u0131\u011f\u0131 taraf\u0131ndan el konulan olayla ilgili soru\u015fturma ba\u015flat\u0131ld\u0131.<br \/><\/p>\n","protected":false},"excerpt":{"rendered":"<p>Ayd\u0131n\u2019\u0131n Nazilli il\u00e7esinde bir polis memuru, bo\u015fanma a\u015famas\u0131nda oldu\u011fu e\u015fine kur\u015fun ya\u011fd\u0131rd\u0131. A\u011f\u0131r yaralanan kad\u0131n kald\u0131r\u0131ld\u0131\u011f\u0131 hastanede hayat\u0131n\u0131 kaybetti. Olay sabah saatlerinde Zafer Mahallesi 107 sokak \u00fczerinde bulunan bir \u00e7eyiz d\u00fckkan\u0131nda meydana geldi. Edinilen bilgiye g\u00f6re; Nazilli \u0130l\u00e7e Emniyet M\u00fcd\u00fcrl\u00fc\u011f\u00fc\u2019nde g\u00f6revli polis memuru H.D. bo\u015fanma a\u015famas\u0131ndaki e\u015fi Burcu Derin\u2019in \u00e7al\u0131\u015ft\u0131\u011f\u0131 d\u00fckkana geldi. Burada e\u015fiyle tart\u0131\u015fan&#8230;<\/p>\n","protected":false},"author":1,"featured_media":49490,"comment_status":"open","ping_status":"open","sticky":false,"template":"","format":"standard","meta":{"_crdt_document":"","footnotes":""},"categories":[5],"tags":[],"class_list":["post-49489","post","type-post","status-publish","format-standard","has-post-thumbnail","hentry","category-asayis"],"_links":{"self":[{"href":"https:\/\/www.egemtv.com\/index.php?rest_route=\/wp\/v2\/posts\/49489","targetHints":{"allow":["GET"]}}],"collection":[{"href":"https:\/\/www.egemtv.com\/index.php?rest_route=\/wp\/v2\/posts"}],"about":[{"href":"https:\/\/www.egemtv.com\/index.php?rest_route=\/wp\/v2\/types\/post"}],"author":[{"embeddable":true,"href":"https:\/\/www.egemtv.com\/index.php?rest_route=\/wp\/v2\/users\/1"}],"replies":[{"embeddable":true,"href":"https:\/\/www.egemtv.com\/index.php?rest_route=%2Fwp%2Fv2%2Fcomments&post=49489"}],"version-history":[{"count":1,"href":"https:\/\/www.egemtv.com\/index.php?rest_route=\/wp\/v2\/posts\/49489\/revisions"}],"predecessor-version":[{"id":49491,"href":"https:\/\/www.egemtv.com\/index.php?rest_route=\/wp\/v2\/posts\/49489\/revisions\/49491"}],"wp:featuredmedia":[{"embeddable":true,"href":"https:\/\/www.egemtv.com\/index.php?rest_route=\/wp\/v2\/media\/49490"}],"wp:attachment":[{"href":"https:\/\/www.egemtv.com\/index.php?rest_route=%2Fwp%2Fv2%2Fmedia&parent=49489"}],"wp:term":[{"taxonomy":"category","embeddable":true,"href":"https:\/\/www.egemtv.com\/index.php?rest_route=%2Fwp%2Fv2%2Fcategories&post=49489"},{"taxonomy":"post_tag","embeddable":true,"href":"https:\/\/www.egemtv.com\/index.php?rest_route=%2Fwp%2Fv2%2Ftags&post=49489"}],"curies":[{"name":"wp","href":"https:\/\/api.w.org\/{rel}","templated":true}]}}