{"id":49486,"date":"2025-08-18T11:14:55","date_gmt":"2025-08-18T08:14:55","guid":{"rendered":"https:\/\/www.egemtv.com\/?p=49486"},"modified":"2025-08-18T11:14:56","modified_gmt":"2025-08-18T08:14:56","slug":"turkiye-sampiyonasi-kocarlida-basladi","status":"publish","type":"post","link":"https:\/\/www.egemtv.com\/?p=49486","title":{"rendered":"T\u00fcrkiye \u015fampiyonas\u0131 Ko\u00e7arl\u0131\u2019da ba\u015flad\u0131"},"content":{"rendered":"<p>Ayd\u0131n\u2019\u0131n Ko\u00e7arl\u0131 il\u00e7esi ev sahipli\u011finde ger\u00e7ekle\u015ftirilen T\u00fcrkiye \u015fampiyonas\u0131nda mindere \u00e7\u0131kan judocular, birincilik i\u00e7in m\u00fccadele etti.<br \/>\n<br \/>Anadolu Y\u0131ld\u0131zlar Ligi Judo T\u00fcrkiye \u015eampiyonas\u0131, Ayd\u0131n\u2019\u0131n Ko\u00e7arl\u0131 il\u00e7esinin ev sahipli\u011finde ba\u015flad\u0131. 30 farkl\u0131 ilden yakla\u015f\u0131k 300 sporcunun kat\u0131ld\u0131\u011f\u0131 \u015fampiyonada sporcular birincilik i\u00e7in mindere \u00e7\u0131kt\u0131. 3 g\u00fcn s\u00fcrecek olan \u015fampiyona \u00f6d\u00fcl t\u00f6reni ile sona erecek. K\u0131yas\u0131ya rekabetin yer ald\u0131\u011f\u0131 \u015fampiyonada mindere \u00e7\u0131kan sporcular, \u015fampiyonluk i\u00e7in m\u00fccadele ederken zaman zaman renkli g\u00f6r\u00fcnt\u00fclere de sahne oldu. \u015eampiyona i\u00e7in Ayd\u0131n\u2019a gelen sporculara \u2019ho\u015fgeldiniz\u2019 diyen Ayd\u0131n Gen\u00e7lik ve Spor \u0130l M\u00fcd\u00fcrl\u00fc\u011f\u00fc, yapt\u0131\u011f\u0131 a\u00e7\u0131klamada &#8220;Anadolu Y\u0131ld\u0131zlar Ligi Judo T\u00fcrkiye \u015eampiyonas\u0131 ba\u015flad\u0131. Mindere \u00e7\u0131kan t\u00fcm sporcular\u0131m\u0131za ba\u015far\u0131lar diliyoruz&#8221; ifadelerine yer verdi.<br \/><\/p>\n","protected":false},"excerpt":{"rendered":"<p>Ayd\u0131n\u2019\u0131n Ko\u00e7arl\u0131 il\u00e7esi ev sahipli\u011finde ger\u00e7ekle\u015ftirilen T\u00fcrkiye \u015fampiyonas\u0131nda mindere \u00e7\u0131kan judocular, birincilik i\u00e7in m\u00fccadele etti. Anadolu Y\u0131ld\u0131zlar Ligi Judo T\u00fcrkiye \u015eampiyonas\u0131, Ayd\u0131n\u2019\u0131n Ko\u00e7arl\u0131 il\u00e7esinin ev sahipli\u011finde ba\u015flad\u0131. 30 farkl\u0131 ilden yakla\u015f\u0131k 300 sporcunun kat\u0131ld\u0131\u011f\u0131 \u015fampiyonada sporcular birincilik i\u00e7in mindere \u00e7\u0131kt\u0131. 3 g\u00fcn s\u00fcrecek olan \u015fampiyona \u00f6d\u00fcl t\u00f6reni ile sona erecek. K\u0131yas\u0131ya rekabetin yer ald\u0131\u011f\u0131 \u015fampiyonada&#8230;<\/p>\n","protected":false},"author":1,"featured_media":49487,"comment_status":"open","ping_status":"open","sticky":false,"template":"","format":"standard","meta":{"_crdt_document":"","footnotes":""},"categories":[4],"tags":[],"class_list":["post-49486","post","type-post","status-publish","format-standard","has-post-thumbnail","hentry","category-spor"],"_links":{"self":[{"href":"https:\/\/www.egemtv.com\/index.php?rest_route=\/wp\/v2\/posts\/49486","targetHints":{"allow":["GET"]}}],"collection":[{"href":"https:\/\/www.egemtv.com\/index.php?rest_route=\/wp\/v2\/posts"}],"about":[{"href":"https:\/\/www.egemtv.com\/index.php?rest_route=\/wp\/v2\/types\/post"}],"author":[{"embeddable":true,"href":"https:\/\/www.egemtv.com\/index.php?rest_route=\/wp\/v2\/users\/1"}],"replies":[{"embeddable":true,"href":"https:\/\/www.egemtv.com\/index.php?rest_route=%2Fwp%2Fv2%2Fcomments&post=49486"}],"version-history":[{"count":1,"href":"https:\/\/www.egemtv.com\/index.php?rest_route=\/wp\/v2\/posts\/49486\/revisions"}],"predecessor-version":[{"id":49488,"href":"https:\/\/www.egemtv.com\/index.php?rest_route=\/wp\/v2\/posts\/49486\/revisions\/49488"}],"wp:featuredmedia":[{"embeddable":true,"href":"https:\/\/www.egemtv.com\/index.php?rest_route=\/wp\/v2\/media\/49487"}],"wp:attachment":[{"href":"https:\/\/www.egemtv.com\/index.php?rest_route=%2Fwp%2Fv2%2Fmedia&parent=49486"}],"wp:term":[{"taxonomy":"category","embeddable":true,"href":"https:\/\/www.egemtv.com\/index.php?rest_route=%2Fwp%2Fv2%2Fcategories&post=49486"},{"taxonomy":"post_tag","embeddable":true,"href":"https:\/\/www.egemtv.com\/index.php?rest_route=%2Fwp%2Fv2%2Ftags&post=49486"}],"curies":[{"name":"wp","href":"https:\/\/api.w.org\/{rel}","templated":true}]}}