{"id":49483,"date":"2025-08-18T10:54:53","date_gmt":"2025-08-18T07:54:53","guid":{"rendered":"https:\/\/www.egemtv.com\/?p=49483"},"modified":"2025-08-18T10:54:54","modified_gmt":"2025-08-18T07:54:54","slug":"motosiklet-tutkunu-genc-kiz-kazada-hayatini-kaybetti","status":"publish","type":"post","link":"https:\/\/www.egemtv.com\/?p=49483","title":{"rendered":"Motosiklet tutkunu gen\u00e7 k\u0131z kazada hayat\u0131n\u0131 kaybetti"},"content":{"rendered":"<p>Motosiklet tutkunu gen\u00e7 s\u00fcr\u00fcc\u00fc ge\u00e7irdi\u011fi trafik kazas\u0131nda hayat\u0131n\u0131 kaybetti.<\/p>\n<p>Kaza, \u00c7ameli-Fethiye karayolunda meydana geldi. Edinilen bilgilere g\u00f6re Eda Ko\u00e7in (26), ve beraberindeki bir arkada\u015f\u0131yla birlikte motosikleti ile seyir halindeyken motosiklet s\u00fcr\u00fcc\u00fcs\u00fcn\u00fcn direksiyon hakimiyetini kaybetmes \u00fczerine yoldan \u00e7\u0131kt\u0131. Yol kenar\u0131na savrulan Eda Ko\u00e7in ve arkada\u015f\u0131n\u0131n yapt\u0131\u011f\u0131 kazay\u0131 g\u00f6renlerin ihbar\u0131 \u00fczerine b\u00f6lgeye jandarma ve sa\u011fl\u0131k ekipleri sevk edildi. Olay yerindeki ilk m\u00fcdahalesinin ard\u0131ndan iki gen\u00e7 ambulansla hastaneye kald\u0131r\u0131ld\u0131. A\u011f\u0131r yaral\u0131 olarak hastaneye kald\u0131r\u0131lan gen\u00e7 motosiklet s\u00fcr\u00fcc\u00fcs\u00fc burada doktorlar\u0131n t\u00fcm m\u00fcdahalesine ra\u011fmen kurtar\u0131lamad\u0131.<\/p>\n<p>Motosiklet tutkunu olarak bilinen gen\u00e7 k\u0131z\u0131n g\u00fcvenlik g\u00f6revlisi oldu\u011fu \u00f6\u011frenildi. Eda Ko\u00e7in\u2019in cenazesinin bug\u00fcn \u00c7ameli il\u00e7esi G\u00fczelyurt Mahallesi\u2019nde k\u0131l\u0131nacak cenaze namaz\u0131n\u0131n ard\u0131ndan topra\u011fa verilmesi bekleniyor.<br \/>\n<br \/>Kazayla ilgili soru\u015fturma ba\u015flat\u0131ld\u0131.<br \/><\/p>\n","protected":false},"excerpt":{"rendered":"<p>Motosiklet tutkunu gen\u00e7 s\u00fcr\u00fcc\u00fc ge\u00e7irdi\u011fi trafik kazas\u0131nda hayat\u0131n\u0131 kaybetti. Kaza, \u00c7ameli-Fethiye karayolunda meydana geldi. Edinilen bilgilere g\u00f6re Eda Ko\u00e7in (26), ve beraberindeki bir arkada\u015f\u0131yla birlikte motosikleti ile seyir halindeyken motosiklet s\u00fcr\u00fcc\u00fcs\u00fcn\u00fcn direksiyon hakimiyetini kaybetmes \u00fczerine yoldan \u00e7\u0131kt\u0131. Yol kenar\u0131na savrulan Eda Ko\u00e7in ve arkada\u015f\u0131n\u0131n yapt\u0131\u011f\u0131 kazay\u0131 g\u00f6renlerin ihbar\u0131 \u00fczerine b\u00f6lgeye jandarma ve sa\u011fl\u0131k ekipleri sevk&#8230;<\/p>\n","protected":false},"author":1,"featured_media":49484,"comment_status":"open","ping_status":"open","sticky":false,"template":"","format":"standard","meta":{"_crdt_document":"","footnotes":""},"categories":[5],"tags":[],"class_list":["post-49483","post","type-post","status-publish","format-standard","has-post-thumbnail","hentry","category-asayis"],"_links":{"self":[{"href":"https:\/\/www.egemtv.com\/index.php?rest_route=\/wp\/v2\/posts\/49483","targetHints":{"allow":["GET"]}}],"collection":[{"href":"https:\/\/www.egemtv.com\/index.php?rest_route=\/wp\/v2\/posts"}],"about":[{"href":"https:\/\/www.egemtv.com\/index.php?rest_route=\/wp\/v2\/types\/post"}],"author":[{"embeddable":true,"href":"https:\/\/www.egemtv.com\/index.php?rest_route=\/wp\/v2\/users\/1"}],"replies":[{"embeddable":true,"href":"https:\/\/www.egemtv.com\/index.php?rest_route=%2Fwp%2Fv2%2Fcomments&post=49483"}],"version-history":[{"count":1,"href":"https:\/\/www.egemtv.com\/index.php?rest_route=\/wp\/v2\/posts\/49483\/revisions"}],"predecessor-version":[{"id":49485,"href":"https:\/\/www.egemtv.com\/index.php?rest_route=\/wp\/v2\/posts\/49483\/revisions\/49485"}],"wp:featuredmedia":[{"embeddable":true,"href":"https:\/\/www.egemtv.com\/index.php?rest_route=\/wp\/v2\/media\/49484"}],"wp:attachment":[{"href":"https:\/\/www.egemtv.com\/index.php?rest_route=%2Fwp%2Fv2%2Fmedia&parent=49483"}],"wp:term":[{"taxonomy":"category","embeddable":true,"href":"https:\/\/www.egemtv.com\/index.php?rest_route=%2Fwp%2Fv2%2Fcategories&post=49483"},{"taxonomy":"post_tag","embeddable":true,"href":"https:\/\/www.egemtv.com\/index.php?rest_route=%2Fwp%2Fv2%2Ftags&post=49483"}],"curies":[{"name":"wp","href":"https:\/\/api.w.org\/{rel}","templated":true}]}}