{"id":49477,"date":"2025-08-18T10:34:57","date_gmt":"2025-08-18T07:34:57","guid":{"rendered":"https:\/\/www.egemtv.com\/?p=49477"},"modified":"2025-08-18T10:34:58","modified_gmt":"2025-08-18T07:34:58","slug":"aydin-merkezli-dallas-cetesi-operasyonu-13-tutuklama","status":"publish","type":"post","link":"https:\/\/www.egemtv.com\/?p=49477","title":{"rendered":"Ayd\u0131n merkezli \u2019Dallas \u00c7etesi\u2019 operasyonu: 13 tutuklama"},"content":{"rendered":"<p>Ayd\u0131n\u2019\u0131n Sultanhisar il\u00e7esi merkezli 4 ayr\u0131 noktada ger\u00e7ekle\u015ftirilen \u2019Dallas \u00c7etesi\u2019 operasyonunda yakalanan 14 \u015f\u00fcpheliden 13\u2019\u00fc tutuland\u0131.<br \/>\n<br \/>Ayd\u0131n\u2019\u0131n Sultanhisar il\u00e7esi merkezli Ayd\u0131n Efeler, Mu\u011fla Dat\u00e7a ve Mersin olmak \u00fczere 4 ayr\u0131 noktada e\u015f zamanl\u0131 operasyon ger\u00e7ekle\u015ftirildi. Sultanhisar \u0130l\u00e7e Emniyet Amirli\u011fi ve jandarma ekiplerince m\u00fc\u015fterek olarak ger\u00e7ekle\u015ftirilen &#8220;Dallas \u00c7etesi\u2019 operasyonunda 14 ayr\u0131 adreste yap\u0131lan \u00e7al\u0131\u015fma ger\u00e7ekle\u015ftirildi. Ayd\u0131n\u2019da bask\u0131, cebir ve tehditle i\u015fletmeleri haraca ba\u011flad\u0131klar\u0131 tespit edilen organize su\u00e7 \u00f6rg\u00fct\u00fcne y\u00f6nelik yap\u0131lan operasyonda 14 \u015f\u00fcpheli k\u0131sk\u0131vrak yakaland\u0131. G\u00f6zalt\u0131na al\u0131nan \u015f\u00fcpheliler gerekli i\u015flemlerinin ard\u0131ndan adliyeye sevk edilirken 14 \u015f\u00fcpheliden 13\u2019\u00fc adli makamlarca tutuklanarak cezaevine g\u00f6nderildi.<br \/><\/p>\n","protected":false},"excerpt":{"rendered":"<p>Ayd\u0131n\u2019\u0131n Sultanhisar il\u00e7esi merkezli 4 ayr\u0131 noktada ger\u00e7ekle\u015ftirilen \u2019Dallas \u00c7etesi\u2019 operasyonunda yakalanan 14 \u015f\u00fcpheliden 13\u2019\u00fc tutuland\u0131. Ayd\u0131n\u2019\u0131n Sultanhisar il\u00e7esi merkezli Ayd\u0131n Efeler, Mu\u011fla Dat\u00e7a ve Mersin olmak \u00fczere 4 ayr\u0131 noktada e\u015f zamanl\u0131 operasyon ger\u00e7ekle\u015ftirildi. Sultanhisar \u0130l\u00e7e Emniyet Amirli\u011fi ve jandarma ekiplerince m\u00fc\u015fterek olarak ger\u00e7ekle\u015ftirilen &#8220;Dallas \u00c7etesi\u2019 operasyonunda 14 ayr\u0131 adreste yap\u0131lan \u00e7al\u0131\u015fma ger\u00e7ekle\u015ftirildi. Ayd\u0131n\u2019da&#8230;<\/p>\n","protected":false},"author":1,"featured_media":49478,"comment_status":"open","ping_status":"open","sticky":false,"template":"","format":"standard","meta":{"_crdt_document":"","footnotes":""},"categories":[5],"tags":[],"class_list":["post-49477","post","type-post","status-publish","format-standard","has-post-thumbnail","hentry","category-asayis"],"_links":{"self":[{"href":"https:\/\/www.egemtv.com\/index.php?rest_route=\/wp\/v2\/posts\/49477","targetHints":{"allow":["GET"]}}],"collection":[{"href":"https:\/\/www.egemtv.com\/index.php?rest_route=\/wp\/v2\/posts"}],"about":[{"href":"https:\/\/www.egemtv.com\/index.php?rest_route=\/wp\/v2\/types\/post"}],"author":[{"embeddable":true,"href":"https:\/\/www.egemtv.com\/index.php?rest_route=\/wp\/v2\/users\/1"}],"replies":[{"embeddable":true,"href":"https:\/\/www.egemtv.com\/index.php?rest_route=%2Fwp%2Fv2%2Fcomments&post=49477"}],"version-history":[{"count":1,"href":"https:\/\/www.egemtv.com\/index.php?rest_route=\/wp\/v2\/posts\/49477\/revisions"}],"predecessor-version":[{"id":49479,"href":"https:\/\/www.egemtv.com\/index.php?rest_route=\/wp\/v2\/posts\/49477\/revisions\/49479"}],"wp:featuredmedia":[{"embeddable":true,"href":"https:\/\/www.egemtv.com\/index.php?rest_route=\/wp\/v2\/media\/49478"}],"wp:attachment":[{"href":"https:\/\/www.egemtv.com\/index.php?rest_route=%2Fwp%2Fv2%2Fmedia&parent=49477"}],"wp:term":[{"taxonomy":"category","embeddable":true,"href":"https:\/\/www.egemtv.com\/index.php?rest_route=%2Fwp%2Fv2%2Fcategories&post=49477"},{"taxonomy":"post_tag","embeddable":true,"href":"https:\/\/www.egemtv.com\/index.php?rest_route=%2Fwp%2Fv2%2Ftags&post=49477"}],"curies":[{"name":"wp","href":"https:\/\/api.w.org\/{rel}","templated":true}]}}