{"id":49474,"date":"2025-08-18T10:14:56","date_gmt":"2025-08-18T07:14:56","guid":{"rendered":"https:\/\/www.egemtv.com\/?p=49474"},"modified":"2025-08-18T10:14:58","modified_gmt":"2025-08-18T07:14:58","slug":"kutahyaspor-afyonkarahisar-kampinda-ilk-galibiyetini-aldi","status":"publish","type":"post","link":"https:\/\/www.egemtv.com\/?p=49474","title":{"rendered":"K\u00fctahyaspor Afyonkarahisar kamp\u0131nda ilk galibiyetini ald\u0131"},"content":{"rendered":"<p>Yeni sezona haz\u0131rl\u0131k \u00e7al\u0131\u015fmalar\u0131 kapsam\u0131nda Afyonkarahisar kamp\u0131nda \u00c7orluspor 1947 ile kar\u015f\u0131la\u015fan K\u00fctahyaspor, m\u00fccadeleden 3-2 galip ayr\u0131ld\u0131.<br \/>\n<br \/>Yeni sezon \u00f6ncesi oynad\u0131\u011f\u0131 ilk iki haz\u0131rl\u0131k ma\u00e7\u0131nda Fethiyespor ve Ankara Demirspor\u2019a 4-3 kaybeden Mavi \u015eim\u015fekler, \u00fc\u00e7\u00fcnc\u00fc haz\u0131rl\u0131k ma\u00e7\u0131nda TFF 3. Lig ekibi \u00c7orluspor 1947\u2019yi 3-2 ma\u011flup etti. K\u00fctahyaspor\u2019un golleri, Ender K\u0131l\u0131\u00e7, Aykut \u00c7ift ve Embiya Ayy\u0131ld\u0131z\u2019dan geldi. Mavi \u015eim\u015fekler yeni sezon haz\u0131rl\u0131klar\u0131na Afyonkarahisar kamp\u0131nda devam edecek.<br \/><\/p>\n","protected":false},"excerpt":{"rendered":"<p>Yeni sezona haz\u0131rl\u0131k \u00e7al\u0131\u015fmalar\u0131 kapsam\u0131nda Afyonkarahisar kamp\u0131nda \u00c7orluspor 1947 ile kar\u015f\u0131la\u015fan K\u00fctahyaspor, m\u00fccadeleden 3-2 galip ayr\u0131ld\u0131. Yeni sezon \u00f6ncesi oynad\u0131\u011f\u0131 ilk iki haz\u0131rl\u0131k ma\u00e7\u0131nda Fethiyespor ve Ankara Demirspor\u2019a 4-3 kaybeden Mavi \u015eim\u015fekler, \u00fc\u00e7\u00fcnc\u00fc haz\u0131rl\u0131k ma\u00e7\u0131nda TFF 3. Lig ekibi \u00c7orluspor 1947\u2019yi 3-2 ma\u011flup etti. K\u00fctahyaspor\u2019un golleri, Ender K\u0131l\u0131\u00e7, Aykut \u00c7ift ve Embiya Ayy\u0131ld\u0131z\u2019dan geldi. Mavi&#8230;<\/p>\n","protected":false},"author":1,"featured_media":49475,"comment_status":"open","ping_status":"open","sticky":false,"template":"","format":"standard","meta":{"_crdt_document":"","footnotes":""},"categories":[4],"tags":[],"class_list":["post-49474","post","type-post","status-publish","format-standard","has-post-thumbnail","hentry","category-spor"],"_links":{"self":[{"href":"https:\/\/www.egemtv.com\/index.php?rest_route=\/wp\/v2\/posts\/49474","targetHints":{"allow":["GET"]}}],"collection":[{"href":"https:\/\/www.egemtv.com\/index.php?rest_route=\/wp\/v2\/posts"}],"about":[{"href":"https:\/\/www.egemtv.com\/index.php?rest_route=\/wp\/v2\/types\/post"}],"author":[{"embeddable":true,"href":"https:\/\/www.egemtv.com\/index.php?rest_route=\/wp\/v2\/users\/1"}],"replies":[{"embeddable":true,"href":"https:\/\/www.egemtv.com\/index.php?rest_route=%2Fwp%2Fv2%2Fcomments&post=49474"}],"version-history":[{"count":1,"href":"https:\/\/www.egemtv.com\/index.php?rest_route=\/wp\/v2\/posts\/49474\/revisions"}],"predecessor-version":[{"id":49476,"href":"https:\/\/www.egemtv.com\/index.php?rest_route=\/wp\/v2\/posts\/49474\/revisions\/49476"}],"wp:featuredmedia":[{"embeddable":true,"href":"https:\/\/www.egemtv.com\/index.php?rest_route=\/wp\/v2\/media\/49475"}],"wp:attachment":[{"href":"https:\/\/www.egemtv.com\/index.php?rest_route=%2Fwp%2Fv2%2Fmedia&parent=49474"}],"wp:term":[{"taxonomy":"category","embeddable":true,"href":"https:\/\/www.egemtv.com\/index.php?rest_route=%2Fwp%2Fv2%2Fcategories&post=49474"},{"taxonomy":"post_tag","embeddable":true,"href":"https:\/\/www.egemtv.com\/index.php?rest_route=%2Fwp%2Fv2%2Ftags&post=49474"}],"curies":[{"name":"wp","href":"https:\/\/api.w.org\/{rel}","templated":true}]}}