{"id":49468,"date":"2025-08-18T09:54:49","date_gmt":"2025-08-18T06:54:49","guid":{"rendered":"https:\/\/www.egemtv.com\/?p=49468"},"modified":"2025-08-18T09:54:50","modified_gmt":"2025-08-18T06:54:50","slug":"datcada-17-agustos-marmara-depremi-unutulmadi","status":"publish","type":"post","link":"https:\/\/www.egemtv.com\/?p=49468","title":{"rendered":"Dat\u00e7a\u2019da 17 A\u011fustos Marmara Depremi unutulmad\u0131"},"content":{"rendered":"<p>Mu\u011fla Mahalle Afet G\u00f6n\u00fcll\u00fcleri Acil M\u00fcdahale Derne\u011fi (MAG AME) Dat\u00e7a ekipleri, 17 A\u011fustos 1999 Marmara Depremi\u2019nin y\u0131l d\u00f6n\u00fcm\u00fcnde Cumhuriyet Meydan\u0131\u2019nda fark\u0131ndal\u0131k etkinli\u011fi d\u00fczenledi.<\/p>\n<p>Etkinlikte, 25 y\u0131l \u00f6nce ya\u015fanan felakette hayat\u0131n\u0131 kaybeden vatanda\u015flar an\u0131l\u0131rken, afet bilincinin art\u0131r\u0131lmas\u0131 amac\u0131yla vatanda\u015flara bilgilendirmeler yap\u0131ld\u0131. A\u00e7\u0131lan stantta deprem ve di\u011fer afetler kar\u015f\u0131s\u0131nda do\u011fru davran\u0131\u015f bi\u00e7imleri anlat\u0131ld\u0131, bro\u015f\u00fcrler da\u011f\u0131t\u0131larak afet \u00f6ncesi ve sonras\u0131 al\u0131nmas\u0131 gereken \u00f6nlemler hakk\u0131nda bilgi verildi. MAG AME Dat\u00e7a ekibi, toplumda afet bilincini yayg\u0131nla\u015ft\u0131rmay\u0131 ve afet durumlar\u0131nda vatanda\u015flar\u0131n bilin\u00e7li hareket etmesini sa\u011flamay\u0131 hedeflediklerini belirtti.<br \/><\/p>\n","protected":false},"excerpt":{"rendered":"<p>Mu\u011fla Mahalle Afet G\u00f6n\u00fcll\u00fcleri Acil M\u00fcdahale Derne\u011fi (MAG AME) Dat\u00e7a ekipleri, 17 A\u011fustos 1999 Marmara Depremi\u2019nin y\u0131l d\u00f6n\u00fcm\u00fcnde Cumhuriyet Meydan\u0131\u2019nda fark\u0131ndal\u0131k etkinli\u011fi d\u00fczenledi. Etkinlikte, 25 y\u0131l \u00f6nce ya\u015fanan felakette hayat\u0131n\u0131 kaybeden vatanda\u015flar an\u0131l\u0131rken, afet bilincinin art\u0131r\u0131lmas\u0131 amac\u0131yla vatanda\u015flara bilgilendirmeler yap\u0131ld\u0131. A\u00e7\u0131lan stantta deprem ve di\u011fer afetler kar\u015f\u0131s\u0131nda do\u011fru davran\u0131\u015f bi\u00e7imleri anlat\u0131ld\u0131, bro\u015f\u00fcrler da\u011f\u0131t\u0131larak afet \u00f6ncesi&#8230;<\/p>\n","protected":false},"author":1,"featured_media":49469,"comment_status":"open","ping_status":"open","sticky":false,"template":"","format":"standard","meta":{"_crdt_document":"","footnotes":""},"categories":[1],"tags":[],"class_list":["post-49468","post","type-post","status-publish","format-standard","has-post-thumbnail","hentry","category-guncel"],"_links":{"self":[{"href":"https:\/\/www.egemtv.com\/index.php?rest_route=\/wp\/v2\/posts\/49468","targetHints":{"allow":["GET"]}}],"collection":[{"href":"https:\/\/www.egemtv.com\/index.php?rest_route=\/wp\/v2\/posts"}],"about":[{"href":"https:\/\/www.egemtv.com\/index.php?rest_route=\/wp\/v2\/types\/post"}],"author":[{"embeddable":true,"href":"https:\/\/www.egemtv.com\/index.php?rest_route=\/wp\/v2\/users\/1"}],"replies":[{"embeddable":true,"href":"https:\/\/www.egemtv.com\/index.php?rest_route=%2Fwp%2Fv2%2Fcomments&post=49468"}],"version-history":[{"count":1,"href":"https:\/\/www.egemtv.com\/index.php?rest_route=\/wp\/v2\/posts\/49468\/revisions"}],"predecessor-version":[{"id":49470,"href":"https:\/\/www.egemtv.com\/index.php?rest_route=\/wp\/v2\/posts\/49468\/revisions\/49470"}],"wp:featuredmedia":[{"embeddable":true,"href":"https:\/\/www.egemtv.com\/index.php?rest_route=\/wp\/v2\/media\/49469"}],"wp:attachment":[{"href":"https:\/\/www.egemtv.com\/index.php?rest_route=%2Fwp%2Fv2%2Fmedia&parent=49468"}],"wp:term":[{"taxonomy":"category","embeddable":true,"href":"https:\/\/www.egemtv.com\/index.php?rest_route=%2Fwp%2Fv2%2Fcategories&post=49468"},{"taxonomy":"post_tag","embeddable":true,"href":"https:\/\/www.egemtv.com\/index.php?rest_route=%2Fwp%2Fv2%2Ftags&post=49468"}],"curies":[{"name":"wp","href":"https:\/\/api.w.org\/{rel}","templated":true}]}}