{"id":49465,"date":"2025-08-18T09:54:48","date_gmt":"2025-08-18T06:54:48","guid":{"rendered":"https:\/\/www.egemtv.com\/?p=49465"},"modified":"2025-08-18T09:54:49","modified_gmt":"2025-08-18T06:54:49","slug":"aydin-yeni-haftaya-serim-basladi","status":"publish","type":"post","link":"https:\/\/www.egemtv.com\/?p=49465","title":{"rendered":"Ayd\u0131n, yeni haftaya serim ba\u015flad\u0131"},"content":{"rendered":"<p>T\u00fcrkiye\u2019nin en s\u0131cak illerinden olan Ayd\u0131n\u2019da son g\u00fcnlerde etkili olan s\u0131cakl\u0131klar hayat\u0131 olumsuz etkilerken yeni hafta ile birlikte s\u0131cakl\u0131klar mevsim normallerine d\u00f6nerken, Ayd\u0131n yeni haftaya serin ba\u015flad\u0131.<\/p>\n<p>Ayd\u0131n genelinde son haftalarda etkili olan s\u0131cak hava, Meteoroloji B\u00f6lge M\u00fcd\u00fcrl\u00fc\u011f\u00fc verilerine g\u00f6re yeni hafta ile birlikte etkisini kaybetmeye ba\u015flayacak. Hava s\u0131cakl\u0131klar\u0131n\u0131n mevsim normallerine d\u00f6nmesi beklenen Ayd\u0131n\u2019da yeni hafta ise serin ba\u015flad\u0131. G\u00fcn i\u00e7erisinden 34 derece olmas\u0131 beklenen s\u0131cakl\u0131klar\u0131n hafta boyunca da 35 ila 40 derece aras\u0131nda az bulutlu olarak seyredecek. Hafta boyunca en y\u00fcksek s\u0131cakl\u0131\u011f\u0131n ise 22 A\u011fustos Cuma g\u00fcn\u00fc 40 derece olmas\u0131 bekleniyor.<\/p>\n<p>Meteoroloji Genel M\u00fcd\u00fcrl\u00fc\u011f\u00fc taraf\u0131ndan yap\u0131lan son de\u011ferlendirmelere g\u00f6re Ayd\u0131n\u2019da 18 A\u011fustos Pazartesi g\u00fcn\u00fc hava s\u0131cakl\u0131\u011f\u0131 en d\u00fc\u015f\u00fck 21, en y\u00fcksek 34 derece olacak. 19 A\u011fustos Sal\u0131 g\u00fcn\u00fc hava s\u0131cakl\u0131\u011f\u0131 en d\u00fc\u015f\u00fck 21, en y\u00fcksek 36 derece olacak. 20 A\u011fustos \u00c7ar\u015famba g\u00fcn\u00fc hava s\u0131cakl\u0131\u011f\u0131 en d\u00fc\u015f\u00fck 21, en y\u00fcksek 37 derece olacak. 21 A\u011fustos Per\u015fembe g\u00fcn\u00fc ise hava s\u0131cakl\u0131\u011f\u0131 en d\u00fc\u015f\u00fck 22, en y\u00fcksek 38 derece olacak. 22 A\u011fustos Cuma g\u00fcn\u00fc ise hava s\u0131cakl\u0131\u011f\u0131 en d\u00fc\u015f\u00fck 23, en y\u00fcksek 40 derece olacak.<br \/><\/p>\n","protected":false},"excerpt":{"rendered":"<p>T\u00fcrkiye\u2019nin en s\u0131cak illerinden olan Ayd\u0131n\u2019da son g\u00fcnlerde etkili olan s\u0131cakl\u0131klar hayat\u0131 olumsuz etkilerken yeni hafta ile birlikte s\u0131cakl\u0131klar mevsim normallerine d\u00f6nerken, Ayd\u0131n yeni haftaya serin ba\u015flad\u0131. Ayd\u0131n genelinde son haftalarda etkili olan s\u0131cak hava, Meteoroloji B\u00f6lge M\u00fcd\u00fcrl\u00fc\u011f\u00fc verilerine g\u00f6re yeni hafta ile birlikte etkisini kaybetmeye ba\u015flayacak. Hava s\u0131cakl\u0131klar\u0131n\u0131n mevsim normallerine d\u00f6nmesi beklenen Ayd\u0131n\u2019da yeni&#8230;<\/p>\n","protected":false},"author":1,"featured_media":49466,"comment_status":"open","ping_status":"open","sticky":false,"template":"","format":"standard","meta":{"_crdt_document":"","footnotes":""},"categories":[1],"tags":[],"class_list":["post-49465","post","type-post","status-publish","format-standard","has-post-thumbnail","hentry","category-guncel"],"_links":{"self":[{"href":"https:\/\/www.egemtv.com\/index.php?rest_route=\/wp\/v2\/posts\/49465","targetHints":{"allow":["GET"]}}],"collection":[{"href":"https:\/\/www.egemtv.com\/index.php?rest_route=\/wp\/v2\/posts"}],"about":[{"href":"https:\/\/www.egemtv.com\/index.php?rest_route=\/wp\/v2\/types\/post"}],"author":[{"embeddable":true,"href":"https:\/\/www.egemtv.com\/index.php?rest_route=\/wp\/v2\/users\/1"}],"replies":[{"embeddable":true,"href":"https:\/\/www.egemtv.com\/index.php?rest_route=%2Fwp%2Fv2%2Fcomments&post=49465"}],"version-history":[{"count":1,"href":"https:\/\/www.egemtv.com\/index.php?rest_route=\/wp\/v2\/posts\/49465\/revisions"}],"predecessor-version":[{"id":49467,"href":"https:\/\/www.egemtv.com\/index.php?rest_route=\/wp\/v2\/posts\/49465\/revisions\/49467"}],"wp:featuredmedia":[{"embeddable":true,"href":"https:\/\/www.egemtv.com\/index.php?rest_route=\/wp\/v2\/media\/49466"}],"wp:attachment":[{"href":"https:\/\/www.egemtv.com\/index.php?rest_route=%2Fwp%2Fv2%2Fmedia&parent=49465"}],"wp:term":[{"taxonomy":"category","embeddable":true,"href":"https:\/\/www.egemtv.com\/index.php?rest_route=%2Fwp%2Fv2%2Fcategories&post=49465"},{"taxonomy":"post_tag","embeddable":true,"href":"https:\/\/www.egemtv.com\/index.php?rest_route=%2Fwp%2Fv2%2Ftags&post=49465"}],"curies":[{"name":"wp","href":"https:\/\/api.w.org\/{rel}","templated":true}]}}