{"id":49462,"date":"2025-08-18T09:54:48","date_gmt":"2025-08-18T06:54:48","guid":{"rendered":"https:\/\/www.egemtv.com\/?p=49462"},"modified":"2025-08-18T09:54:48","modified_gmt":"2025-08-18T06:54:48","slug":"ihale-ile-aldigi-evde-eski-sahibin-yaptiklariyla-hayatinin-kabusunu-yasadi","status":"publish","type":"post","link":"https:\/\/www.egemtv.com\/?p=49462","title":{"rendered":"\u0130hale ile ald\u0131\u011f\u0131 evde eski sahibin yapt\u0131klar\u0131yla hayat\u0131n\u0131n k\u00e2busunu ya\u015fad\u0131"},"content":{"rendered":"<p>Isparta\u2019da Nisan ay\u0131nda ihale yoluyla sat\u0131n al\u0131nan dairede, eski m\u00fclk sahibinin evi bo\u015falt\u0131rken tahrip etti\u011fi ve yakla\u015f\u0131k 400 bin TL maddi zarar verdi\u011fi iddia edildi. Dairenin kap\u0131lar\u0131, mutfak dolaplar\u0131, pencereleri ve di\u011fer e\u015fyalar\u0131n\u0131n s\u00f6k\u00fcld\u00fc\u011f\u00fc g\u00f6r\u00fcld\u00fc. Yeni ev sahibi Numan Karatepe, ya\u015fananlar \u00fczerine polise ba\u015fvurarak eski m\u00fclk sahibinden \u015fik\u00e2yet\u00e7i oldu.<br \/>\n<br \/>Isparta\u2019da Nisan 2025\u2019te ihale yoluyla sat\u0131n al\u0131nan bir dairede, eski m\u00fclk sahibi A.D.\u2019nin evi bo\u015faltmadan \u00f6nce tahrip etti\u011fi ve baz\u0131 malzemeleri g\u00f6t\u00fcrd\u00fc\u011f\u00fc \u00f6ne s\u00fcr\u00fcld\u00fc. Yeni daire sahibi Numan Karatepe, eski sahibine Temmuz ay\u0131 sonuna kadar \u00fccretsiz kalabilece\u011fini s\u00f6ylemesine ra\u011fmen, ki\u015finin bu s\u00fcre sonunda evi bo\u015faltmad\u0131\u011f\u0131n\u0131 ve evi tekrar sat\u0131n almak istedi\u011fini belirtti\u011fini aktard\u0131. Karatepe, eski sahibi A. D.\u2019nin evi alamayaca\u011f\u0131 anla\u015f\u0131l\u0131nca, evden ayr\u0131lmas\u0131 gerekti\u011fini bildirmesinin ard\u0131ndan evin dokuz kap\u0131s\u0131, kombisi, mutfak dolaplar\u0131, pencereleri ve di\u011fer e\u015fyalar\u0131n\u0131 s\u00f6k\u00fcp k\u0131rarak yakla\u015f\u0131k 350-400 bin TL maddi zarara yol a\u00e7t\u0131\u011f\u0131n\u0131 ifade etti. Sabah saatlerinde d\u0131\u015far\u0131dan evi kontrol eden Karatepe, evin tamamen tahrip edildi\u011fini g\u00f6r\u00fcnce polise ba\u015fvurdu ve \u00e7ilingir yard\u0131m\u0131yla evi a\u00e7arak durumu tutanak alt\u0131na ald\u0131.<\/p>\n<p>&#8220;Daireyi ihale yoluyla sat\u0131n ald\u0131m&#8221;<br \/>\n<br \/>Numan Karatepe, &#8220;Daireyi 2025 y\u0131l\u0131n\u0131n Nisan ay\u0131nda ihale yoluyla sat\u0131n alm\u0131\u015ft\u0131m. \u0130\u00e7inde eski m\u00fclk sahibi ya\u015f\u0131yordu. Kendisi benden, Temmuz ay\u0131n\u0131n sonuna kadar evi kendisinin sat\u0131n almak istedi\u011fini s\u00f6yleyerek ricada bulundu. Ben de kendisine, Temmuz ay\u0131 sonuna kadar \u00fccretsiz olarak evde kalabilece\u011fini, Temmuz sonunda almak isterse de benden sat\u0131n alabilece\u011fini belirttim&#8221; dedi.<\/p>\n<p>Eski m\u00fclk sahibi yakla\u015f\u0131k 350-400 bin TL maddi zarar verip evden \u00e7\u0131kt\u0131<br \/>\n<br \/>Temmuz ay\u0131n\u0131n sonunda kendisinden haber gelmedi\u011fi i\u00e7in A\u011fustos\u2019ta kendisini arad\u0131\u011f\u0131n\u0131 belirten Karatepe, &#8220;Bana daireyn sat\u0131n alamayaca\u011f\u0131n\u0131 s\u00f6yledi. Ben de evi satmak istedi\u011fimi belirttim ve isterse yine \u00fccretsiz kalabilece\u011fini s\u00f6yledim. Kendisi, evden \u00e7\u0131kmak istedi\u011fini s\u00f6yledi ancak \u00e7\u0131kt\u0131\u011f\u0131 tarihi bana bildirmedi. Eski m\u00fclk sahibi, evin dokuz kap\u0131s\u0131n\u0131, kombiyi, mutfak dolaplar\u0131n\u0131, pencerelerini, musluklar\u0131 ve evdeki di\u011fer e\u015fyalar\u0131 s\u00f6k\u00fcp k\u0131rm\u0131\u015f. Yakla\u015f\u0131k 350-400 bin TL maddi zarar\u0131m olu\u015ftu&#8221; ifadelerini kulland\u0131.<\/p>\n<p>&#8220;Kendisini arad\u0131\u011f\u0131mda benimle dalga ge\u00e7er gibi konu\u015ftu&#8221;<br \/>\n<br \/>Olay \u00f6ncesi eski m\u00fclk sahibini telefonla arad\u0131\u011f\u0131n\u0131 ve durumu sormak istedi\u011fini belirten Karatepe, &#8220;Kendisini arad\u0131\u011f\u0131mda benimle dalga ge\u00e7er gibi, &#8220;Ben e\u015fya ta\u015f\u0131yorum, \u00e7\u0131kam\u0131yorum&#8221; gibi ifadeler kulland\u0131. H\u00e2l\u00e2 baz\u0131 e\u015fyalar\u0131n\u0131n evde oldu\u011funu ve \u00e7\u0131kmayaca\u011f\u0131n\u0131 s\u00f6yledi. Ben kendisine iyilik amac\u0131yla tolerans g\u00f6sterdim fakat bu \u015fekilde davranmas\u0131 ger\u00e7ekten \u00fcz\u00fcc\u00fc&#8221; \u015feklinde konu\u015ftu.<\/p>\n<p>&#8220;Kendisinden \u015fikayet\u00e7i oldum&#8221;<br \/>\n<br \/>Bug\u00fcn sabah d\u0131\u015far\u0131dan evin durumuna bakt\u0131\u011f\u0131n\u0131 belirten Karatepe, &#8220;Evin tahrip edildi\u011fini ve kimsenin ya\u015famad\u0131\u011f\u0131n\u0131 g\u00f6rd\u00fcm. Polis \u00e7a\u011f\u0131rarak \u00e7ilingir arac\u0131l\u0131\u011f\u0131yla evi a\u00e7t\u0131m ve hasar\u0131 yerinde tespit ettim. Bu nedenle kendisinden hem \u015fik\u00e2yet\u00e7i oldum hem de maddi zararlar nedeniyle gerekli taleplerimizi iletece\u011fiz. Bu durum bizim i\u00e7in ger\u00e7ekten \u00f6zel ve olumsuz bir durum olu\u015fturdu&#8221; dedi.<br \/><\/p>\n","protected":false},"excerpt":{"rendered":"<p>Isparta\u2019da Nisan ay\u0131nda ihale yoluyla sat\u0131n al\u0131nan dairede, eski m\u00fclk sahibinin evi bo\u015falt\u0131rken tahrip etti\u011fi ve yakla\u015f\u0131k 400 bin TL maddi zarar verdi\u011fi iddia edildi. Dairenin kap\u0131lar\u0131, mutfak dolaplar\u0131, pencereleri ve di\u011fer e\u015fyalar\u0131n\u0131n s\u00f6k\u00fcld\u00fc\u011f\u00fc g\u00f6r\u00fcld\u00fc. Yeni ev sahibi Numan Karatepe, ya\u015fananlar \u00fczerine polise ba\u015fvurarak eski m\u00fclk sahibinden \u015fik\u00e2yet\u00e7i oldu. Isparta\u2019da Nisan 2025\u2019te ihale yoluyla sat\u0131n&#8230;<\/p>\n","protected":false},"author":1,"featured_media":49463,"comment_status":"open","ping_status":"open","sticky":false,"template":"","format":"standard","meta":{"_crdt_document":"","footnotes":""},"categories":[5],"tags":[],"class_list":["post-49462","post","type-post","status-publish","format-standard","has-post-thumbnail","hentry","category-asayis"],"_links":{"self":[{"href":"https:\/\/www.egemtv.com\/index.php?rest_route=\/wp\/v2\/posts\/49462","targetHints":{"allow":["GET"]}}],"collection":[{"href":"https:\/\/www.egemtv.com\/index.php?rest_route=\/wp\/v2\/posts"}],"about":[{"href":"https:\/\/www.egemtv.com\/index.php?rest_route=\/wp\/v2\/types\/post"}],"author":[{"embeddable":true,"href":"https:\/\/www.egemtv.com\/index.php?rest_route=\/wp\/v2\/users\/1"}],"replies":[{"embeddable":true,"href":"https:\/\/www.egemtv.com\/index.php?rest_route=%2Fwp%2Fv2%2Fcomments&post=49462"}],"version-history":[{"count":1,"href":"https:\/\/www.egemtv.com\/index.php?rest_route=\/wp\/v2\/posts\/49462\/revisions"}],"predecessor-version":[{"id":49464,"href":"https:\/\/www.egemtv.com\/index.php?rest_route=\/wp\/v2\/posts\/49462\/revisions\/49464"}],"wp:featuredmedia":[{"embeddable":true,"href":"https:\/\/www.egemtv.com\/index.php?rest_route=\/wp\/v2\/media\/49463"}],"wp:attachment":[{"href":"https:\/\/www.egemtv.com\/index.php?rest_route=%2Fwp%2Fv2%2Fmedia&parent=49462"}],"wp:term":[{"taxonomy":"category","embeddable":true,"href":"https:\/\/www.egemtv.com\/index.php?rest_route=%2Fwp%2Fv2%2Fcategories&post=49462"},{"taxonomy":"post_tag","embeddable":true,"href":"https:\/\/www.egemtv.com\/index.php?rest_route=%2Fwp%2Fv2%2Ftags&post=49462"}],"curies":[{"name":"wp","href":"https:\/\/api.w.org\/{rel}","templated":true}]}}