{"id":49459,"date":"2025-08-18T09:54:47","date_gmt":"2025-08-18T06:54:47","guid":{"rendered":"https:\/\/www.egemtv.com\/?p=49459"},"modified":"2025-08-18T09:54:47","modified_gmt":"2025-08-18T06:54:47","slug":"ieunun-tubitak-gururu-5-proje-5-destek","status":"publish","type":"post","link":"https:\/\/www.egemtv.com\/?p=49459","title":{"rendered":"\u0130E\u00dc\u2019n\u00fcn T\u00dcB\u0130TAK gururu: 5 proje, 5 destek"},"content":{"rendered":"<p>\u0130zmir Ekonomi \u00dcniversitesi\u2019nin sa\u011fl\u0131k, m\u00fchendislik, genetik ve sosyoloji alanlar\u0131n\u0131 kapsayan 5 projesi, T\u00dcB\u0130TAK 1001 program\u0131 kapsam\u0131nda destek almaya hak kazand\u0131. T\u00fcrkiye\u2019de ayn\u0131 anda 5 ve daha fazla projesi kabul edilen say\u0131l\u0131 \u00fcniversiteler aras\u0131nda yer alan \u0130E\u00dc, bilim d\u00fcnyas\u0131nda g\u00fc\u00e7l\u00fc bir ad\u0131m att\u0131.<br \/>\n<br \/>Ara\u015ft\u0131rma odakl\u0131 \u00e7al\u0131\u015fmalar\u0131yla bilim d\u00fcnyas\u0131nda g\u00fc\u00e7l\u00fc bir yer edinen \u0130zmir Ekonomi \u00dcniversitesi\u2019nde (\u0130E\u00dc) hayata ge\u00e7irilen 5 yeni proje, T\u00dcB\u0130TAK\u2019tan destek almaya hak kazand\u0131. Sa\u011fl\u0131k, m\u00fchendislik, genetik ve sosyoloji gibi farkl\u0131 alanlardaki projelerle dikkat \u00e7eken \u0130E\u00dc, T\u00fcrkiye genelinde 5 ve daha fazla projesi kabul edilen say\u0131l\u0131 \u00fcniversiteden biri oldu. 3 y\u0131l i\u00e7inde tamamlanacak \u00e7al\u0131\u015fmalar, ulusal ve uluslararas\u0131 \u00f6l\u00e7ekte fark olu\u015fturacak ve bilim d\u00fcnyas\u0131na \u0131\u015f\u0131k tutacak.<\/p>\n<p>L\u00f6semi tedavisine katk\u0131<br \/>\n<br \/>Y\u00fcr\u00fct\u00fcc\u00fcl\u00fc\u011f\u00fcn\u00fc yapt\u0131\u011f\u0131 projeyle T\u00dcB\u0130TAK 1001 program\u0131 kapsam\u0131nda hibe alan isimlerden Genetik ve Biyom\u00fchendislik B\u00f6l\u00fcm\u00fc Dr. \u00d6\u011fretim \u00dcyesi Ya\u011fmur Kiraz Durmaz, kan kanseri olarak da bilinen l\u00f6semi hastal\u0131\u011f\u0131na kar\u015f\u0131 yeni ila\u00e7 ve tedavi y\u00f6ntemlerinin geli\u015ftirilmesine katk\u0131 sa\u011flamak amac\u0131yla h\u00fccre d\u00fczeyinde kapsaml\u0131 ara\u015ft\u0131rmalar ger\u00e7ekle\u015ftirecek. Sosyoloji B\u00f6l\u00fcm\u00fc \u00d6\u011fretim \u00dcyesi Prof. Dr. Hayriye \u00d6zen ise, yenilenebilir enerji santrallerine y\u00f6nelik toplumsal tepkiler \u00fczerine incelemeler yapacak. Siyaset Bilimi ve Uluslararas\u0131 \u0130li\u015fkiler B\u00f6l\u00fcm\u00fc \u00d6\u011fretim \u00dcyesi Do\u00e7. Dr. Serhun Al, \u2018\u0130zmir\u2019de Milliyet\u00e7ilik Halleri: Alg\u0131, Tutum ve M\u00fczakereler\u2019 adl\u0131 proje \u00fczerinde \u00e7al\u0131\u015fmalarda bulunacak.<\/p>\n<p>Verimlilik artacak<br \/>\n<br \/>Fizyoterapi ve Rehabilitasyon B\u00f6l\u00fcm Ba\u015fkan\u0131 Dr. \u00d6\u011fretim \u00dcyesi Bar\u0131\u015f G\u00fcrp\u0131nar, kara ve su i\u00e7inde yap\u0131lan egzersizlerin inflamatuvar genler \u00fczerindeki de\u011fi\u015fimini inceleyecek. Makine M\u00fchendisli\u011fi B\u00f6l\u00fcm Ba\u015fkan\u0131 Do\u00e7. Dr. \u00d6zge Sa\u011flam, y\u00fcksek dielektrik \u00f6zelli\u011fe sahip nanomalzemelerin, nanofiber yap\u0131larda kullan\u0131lmas\u0131yla enerji depolama teknolojilerinde verimlili\u011fin art\u0131r\u0131lmas\u0131 \u00fczerine \u00e7al\u0131\u015facak. Bu sayede, yenilenebilir enerji sistemlerinin daha etkin kullan\u0131lmas\u0131na da destek olunacak.<\/p>\n<p>&#8220;Yenilik\u00e7i projelere devam edece\u011fiz&#8221;<br \/>\n<br \/>\u0130E\u00dc Rekt\u00f6r\u00fc Prof. Dr. Yusuf Hakan Abac\u0131o\u011flu,  \u00fcniversite olarak bilimsel ara\u015ft\u0131rmalar\u0131 ve proje odakl\u0131 \u00e7al\u0131\u015fmalar\u0131, akademik geli\u015fimin temel ta\u015f\u0131 olarak g\u00f6rd\u00fcklerini s\u00f6yleyerek, &#8220;T\u00dcB\u0130TAK 1001 program\u0131 kapsam\u0131nda 5 projemizin birden destek almaya hak kazanmas\u0131, bu vizyonumuzun somut bir g\u00f6stergesi. Bu projeler; disiplinleraras\u0131 \u00e7al\u0131\u015fma k\u00fclt\u00fcr\u00fcm\u00fcz\u00fc, akademik kadromuzun niteli\u011fini ve ara\u015ft\u0131rmaya verdi\u011fimiz \u00f6nemi a\u00e7\u0131k\u00e7a ortaya koyuyor. \u00dcniversitemizin ulusal ve uluslararas\u0131 bilim d\u00fcnyas\u0131nda daha g\u00fc\u00e7l\u00fc bir yer edinme yolculu\u011funda da \u00f6nemli bir ad\u0131m att\u0131k. Bu ba\u015far\u0131da eme\u011fi ge\u00e7en t\u00fcm akademisyenlerimizi g\u00f6n\u00fclden kutluyorum. \u00dcniversite olarak bundan sonraki s\u00fcre\u00e7te de ara\u015ft\u0131rma ve yenilik\u00e7i projeleri desteklemeye, bilimsel \u00fcretime katk\u0131 sunmaya kararl\u0131l\u0131kla devam edece\u011fiz&#8221; diye konu\u015ftu.<br \/><\/p>\n","protected":false},"excerpt":{"rendered":"<p>\u0130zmir Ekonomi \u00dcniversitesi\u2019nin sa\u011fl\u0131k, m\u00fchendislik, genetik ve sosyoloji alanlar\u0131n\u0131 kapsayan 5 projesi, T\u00dcB\u0130TAK 1001 program\u0131 kapsam\u0131nda destek almaya hak kazand\u0131. T\u00fcrkiye\u2019de ayn\u0131 anda 5 ve daha fazla projesi kabul edilen say\u0131l\u0131 \u00fcniversiteler aras\u0131nda yer alan \u0130E\u00dc, bilim d\u00fcnyas\u0131nda g\u00fc\u00e7l\u00fc bir ad\u0131m att\u0131. Ara\u015ft\u0131rma odakl\u0131 \u00e7al\u0131\u015fmalar\u0131yla bilim d\u00fcnyas\u0131nda g\u00fc\u00e7l\u00fc bir yer edinen \u0130zmir Ekonomi \u00dcniversitesi\u2019nde (\u0130E\u00dc)&#8230;<\/p>\n","protected":false},"author":1,"featured_media":49460,"comment_status":"open","ping_status":"open","sticky":false,"template":"","format":"standard","meta":{"_crdt_document":"","footnotes":""},"categories":[1],"tags":[],"class_list":["post-49459","post","type-post","status-publish","format-standard","has-post-thumbnail","hentry","category-guncel"],"_links":{"self":[{"href":"https:\/\/www.egemtv.com\/index.php?rest_route=\/wp\/v2\/posts\/49459","targetHints":{"allow":["GET"]}}],"collection":[{"href":"https:\/\/www.egemtv.com\/index.php?rest_route=\/wp\/v2\/posts"}],"about":[{"href":"https:\/\/www.egemtv.com\/index.php?rest_route=\/wp\/v2\/types\/post"}],"author":[{"embeddable":true,"href":"https:\/\/www.egemtv.com\/index.php?rest_route=\/wp\/v2\/users\/1"}],"replies":[{"embeddable":true,"href":"https:\/\/www.egemtv.com\/index.php?rest_route=%2Fwp%2Fv2%2Fcomments&post=49459"}],"version-history":[{"count":1,"href":"https:\/\/www.egemtv.com\/index.php?rest_route=\/wp\/v2\/posts\/49459\/revisions"}],"predecessor-version":[{"id":49461,"href":"https:\/\/www.egemtv.com\/index.php?rest_route=\/wp\/v2\/posts\/49459\/revisions\/49461"}],"wp:featuredmedia":[{"embeddable":true,"href":"https:\/\/www.egemtv.com\/index.php?rest_route=\/wp\/v2\/media\/49460"}],"wp:attachment":[{"href":"https:\/\/www.egemtv.com\/index.php?rest_route=%2Fwp%2Fv2%2Fmedia&parent=49459"}],"wp:term":[{"taxonomy":"category","embeddable":true,"href":"https:\/\/www.egemtv.com\/index.php?rest_route=%2Fwp%2Fv2%2Fcategories&post=49459"},{"taxonomy":"post_tag","embeddable":true,"href":"https:\/\/www.egemtv.com\/index.php?rest_route=%2Fwp%2Fv2%2Ftags&post=49459"}],"curies":[{"name":"wp","href":"https:\/\/api.w.org\/{rel}","templated":true}]}}