{"id":49456,"date":"2025-08-18T09:35:59","date_gmt":"2025-08-18T06:35:59","guid":{"rendered":"https:\/\/www.egemtv.com\/?p=49456"},"modified":"2025-08-18T09:36:00","modified_gmt":"2025-08-18T06:36:00","slug":"diyabetik-ayak-hastalarina-yaz-aylarinda-dikkat-uyarisi","status":"publish","type":"post","link":"https:\/\/www.egemtv.com\/?p=49456","title":{"rendered":"Diyabetik ayak hastalar\u0131na yaz aylar\u0131nda dikkat uyar\u0131s\u0131"},"content":{"rendered":"<p>Diyabet hastalar\u0131nda sinir ve damar hasarlar\u0131 nedeniyle ortaya \u00e7\u0131kan diyabetik ayak, yaz aylar\u0131nda daha ciddi sa\u011fl\u0131k sorunlar\u0131na yol a\u00e7abiliyor. Memorial Bodrum Hastanesi Ortopedi ve Travmatoloji B\u00f6l\u00fcm\u00fc\u2019nden Op. Dr. Serkan Ak\u00e7ay, s\u0131cak havan\u0131n, terlemenin ve yanl\u0131\u015f ayakkab\u0131 kullan\u0131m\u0131n\u0131n diyabetik ayak yaralar\u0131n\u0131 art\u0131rabilece\u011fini belirterek, al\u0131nmas\u0131 gereken \u00f6nlemleri payla\u015ft\u0131<br \/>\n<br \/>Yaz\u0131n yara olu\u015fumu kolayla\u015f\u0131yor<br \/>\n<br \/>Dr. Ak\u00e7ay, s\u0131cak hava, terleme, uygunsuz ayakkab\u0131 se\u00e7imi ve \u00e7\u0131plak ayakla dola\u015fman\u0131n diyabetik ayak hastalar\u0131nda yara olu\u015fumunu kolayla\u015ft\u0131rabilece\u011fini s\u00f6yledi. Ayr\u0131ca yaz\u0131n artan mantar ve enfeksiyon riskinin bu d\u00f6nemi diyabetik hastalar i\u00e7in daha hassas hale getirdi\u011fini ifade etti.<\/p>\n<p>S\u0131cak ve g\u00fcne\u015ften korunma uyar\u0131s\u0131<br \/>\n<br \/>Ayaklar\u0131n g\u00fcne\u015ften korunmas\u0131n\u0131n \u00f6nemine de\u011finen Ak\u00e7ay, Yaz aylar\u0131nda s\u0131k g\u00f6r\u00fclen g\u00fcne\u015f yan\u0131klar\u0131 yara olu\u015fumuna neden olabilir. N\u00f6ropatisi olan hastalar kum, asfalt veya ta\u015f zeminlerde olu\u015fabilecek yan\u0131klar\u0131 fark edemeyebilir. Ayr\u0131ca yeterli s\u0131v\u0131 t\u00fcketimiyle cilt kurulu\u011fu ve \u00e7atlaklar\u0131n \u00f6nlenmesi gerekir dedi.<\/p>\n<p>Ayak bak\u0131m\u0131 ve g\u00fcnl\u00fck kontrol<br \/>\n<br \/>Hastalar\u0131n her g\u00fcn ayaklar\u0131n\u0131 kontrol etmesi gerekti\u011fini belirten Ak\u00e7ay, \u015fu \u00f6nerilerde bulundu. Ayaklar\u0131 yaralar, k\u0131zar\u0131kl\u0131k, su toplamas\u0131, \u00e7atlak veya renk de\u011fi\u015fikli\u011fi a\u00e7\u0131s\u0131ndan inceleyin. Ayak alt\u0131n\u0131 g\u00f6rmek i\u00e7in ayna kullan\u0131n. Il\u0131k suyla y\u0131kay\u0131n, parmak aralar\u0131n\u0131 dikkatlice kurulay\u0131n. T\u0131rnak batmas\u0131 veya nas\u0131r varsa kendi ba\u015f\u0131n\u0131za m\u00fcdahale etmeyin. \u00c7\u0131plak ayakla dola\u015f\u0131lmamas\u0131 gerekti\u011fini vurgulayan Ak\u00e7ay, Sahilde, havuz kenar\u0131nda ya da bah\u00e7ede diyabetik terlik veya ayakkab\u0131 kullan\u0131lmal\u0131. Nefes alabilen, diki\u015fsiz ve ortopedik ayakkab\u0131lar tercih edilmeli. Yeni ayakkab\u0131lar \u00f6nce evde k\u0131sa s\u00fcreli denenmeli. Pamuklu ve diki\u015fsiz \u00e7oraplar giyilmeli, her g\u00fcn de\u011fi\u015ftirilmelidir dedi. Yeni yara veya su toplamas\u0131, k\u0131zar\u0131kl\u0131k ve \u015fi\u015flik, ayakta s\u0131cakl\u0131k art\u0131\u015f\u0131, iltihap ya da k\u00f6t\u00fc koku gibi durumlarda vakit kaybedilmeden doktora ba\u015fvurulmas\u0131 gerekti\u011fini s\u00f6yleyen Ak\u00e7ay, d\u00fczenli doktor kontrol\u00fcn\u00fcn ve kan \u015fekeri takibinin de hayati \u00f6nem ta\u015f\u0131d\u0131\u011f\u0131n\u0131 vurgulad\u0131.<br \/><\/p>\n","protected":false},"excerpt":{"rendered":"<p>Diyabet hastalar\u0131nda sinir ve damar hasarlar\u0131 nedeniyle ortaya \u00e7\u0131kan diyabetik ayak, yaz aylar\u0131nda daha ciddi sa\u011fl\u0131k sorunlar\u0131na yol a\u00e7abiliyor. Memorial Bodrum Hastanesi Ortopedi ve Travmatoloji B\u00f6l\u00fcm\u00fc\u2019nden Op. Dr. Serkan Ak\u00e7ay, s\u0131cak havan\u0131n, terlemenin ve yanl\u0131\u015f ayakkab\u0131 kullan\u0131m\u0131n\u0131n diyabetik ayak yaralar\u0131n\u0131 art\u0131rabilece\u011fini belirterek, al\u0131nmas\u0131 gereken \u00f6nlemleri payla\u015ft\u0131 Yaz\u0131n yara olu\u015fumu kolayla\u015f\u0131yor Dr. Ak\u00e7ay, s\u0131cak hava, terleme,&#8230;<\/p>\n","protected":false},"author":1,"featured_media":49457,"comment_status":"open","ping_status":"open","sticky":false,"template":"","format":"standard","meta":{"_crdt_document":"","footnotes":""},"categories":[2],"tags":[],"class_list":["post-49456","post","type-post","status-publish","format-standard","has-post-thumbnail","hentry","category-saglik"],"_links":{"self":[{"href":"https:\/\/www.egemtv.com\/index.php?rest_route=\/wp\/v2\/posts\/49456","targetHints":{"allow":["GET"]}}],"collection":[{"href":"https:\/\/www.egemtv.com\/index.php?rest_route=\/wp\/v2\/posts"}],"about":[{"href":"https:\/\/www.egemtv.com\/index.php?rest_route=\/wp\/v2\/types\/post"}],"author":[{"embeddable":true,"href":"https:\/\/www.egemtv.com\/index.php?rest_route=\/wp\/v2\/users\/1"}],"replies":[{"embeddable":true,"href":"https:\/\/www.egemtv.com\/index.php?rest_route=%2Fwp%2Fv2%2Fcomments&post=49456"}],"version-history":[{"count":1,"href":"https:\/\/www.egemtv.com\/index.php?rest_route=\/wp\/v2\/posts\/49456\/revisions"}],"predecessor-version":[{"id":49458,"href":"https:\/\/www.egemtv.com\/index.php?rest_route=\/wp\/v2\/posts\/49456\/revisions\/49458"}],"wp:featuredmedia":[{"embeddable":true,"href":"https:\/\/www.egemtv.com\/index.php?rest_route=\/wp\/v2\/media\/49457"}],"wp:attachment":[{"href":"https:\/\/www.egemtv.com\/index.php?rest_route=%2Fwp%2Fv2%2Fmedia&parent=49456"}],"wp:term":[{"taxonomy":"category","embeddable":true,"href":"https:\/\/www.egemtv.com\/index.php?rest_route=%2Fwp%2Fv2%2Fcategories&post=49456"},{"taxonomy":"post_tag","embeddable":true,"href":"https:\/\/www.egemtv.com\/index.php?rest_route=%2Fwp%2Fv2%2Ftags&post=49456"}],"curies":[{"name":"wp","href":"https:\/\/api.w.org\/{rel}","templated":true}]}}