{"id":49453,"date":"2025-08-18T08:54:35","date_gmt":"2025-08-18T05:54:35","guid":{"rendered":"https:\/\/www.egemtv.com\/?p=49453"},"modified":"2025-08-18T08:54:36","modified_gmt":"2025-08-18T05:54:36","slug":"izban-bugun-calismayacak","status":"publish","type":"post","link":"https:\/\/www.egemtv.com\/?p=49453","title":{"rendered":"\u0130ZBAN bug\u00fcn \u00e7al\u0131\u015fmayacak"},"content":{"rendered":"<p>Kamu \u00e7al\u0131\u015fanlar\u0131n\u0131n \u00fclke genelindeki i\u015f b\u0131rakma eylemi nedeniyle \u0130ZBAN\u2019da bug\u00fcn sefer yap\u0131lmayaca\u011f\u0131 duyuruldu.<br \/>\n<br \/>\u0130zmir Banliy\u00f6 Sistemi (\u0130ZBAN), kamu \u00e7al\u0131\u015fanlar\u0131n\u0131n \u00fclke genelinde ger\u00e7ekle\u015ftirdi\u011fi bir g\u00fcnl\u00fck i\u015f b\u0131rakma eylemi nedeniyle t\u00fcm tren seferlerinin iptal edildi\u011fini a\u00e7\u0131klad\u0131. Yap\u0131lan yaz\u0131l\u0131 a\u00e7\u0131klamada, T\u00fcrkiye Cumhuriyeti Devlet Demiryollar\u0131 (TCDD) b\u00fcnyesinde g\u00f6rev yapan personelin de eyleme kat\u0131ld\u0131\u011f\u0131 belirtildi. Tren trafi\u011finin g\u00fcvenli \u015fekilde y\u00fcr\u00fct\u00fclmesini sa\u011flayan dispe\u00e7erlerin i\u015fba\u015f\u0131 yapmamas\u0131 nedeniyle seferlerin tamam\u0131n\u0131n durduruldu\u011fu ifade edildi.<br \/>\n<br \/>Yetkililer, yolcular\u0131n ma\u011fduriyet ya\u015famamalar\u0131 i\u00e7in seyahat planlar\u0131n\u0131 bu do\u011frultuda yapmalar\u0131 gerekti\u011fini vurgulad\u0131.<br \/><\/p>\n","protected":false},"excerpt":{"rendered":"<p>Kamu \u00e7al\u0131\u015fanlar\u0131n\u0131n \u00fclke genelindeki i\u015f b\u0131rakma eylemi nedeniyle \u0130ZBAN\u2019da bug\u00fcn sefer yap\u0131lmayaca\u011f\u0131 duyuruldu. \u0130zmir Banliy\u00f6 Sistemi (\u0130ZBAN), kamu \u00e7al\u0131\u015fanlar\u0131n\u0131n \u00fclke genelinde ger\u00e7ekle\u015ftirdi\u011fi bir g\u00fcnl\u00fck i\u015f b\u0131rakma eylemi nedeniyle t\u00fcm tren seferlerinin iptal edildi\u011fini a\u00e7\u0131klad\u0131. Yap\u0131lan yaz\u0131l\u0131 a\u00e7\u0131klamada, T\u00fcrkiye Cumhuriyeti Devlet Demiryollar\u0131 (TCDD) b\u00fcnyesinde g\u00f6rev yapan personelin de eyleme kat\u0131ld\u0131\u011f\u0131 belirtildi. Tren trafi\u011finin g\u00fcvenli \u015fekilde y\u00fcr\u00fct\u00fclmesini&#8230;<\/p>\n","protected":false},"author":1,"featured_media":49454,"comment_status":"open","ping_status":"open","sticky":false,"template":"","format":"standard","meta":{"_crdt_document":"","footnotes":""},"categories":[1],"tags":[],"class_list":["post-49453","post","type-post","status-publish","format-standard","has-post-thumbnail","hentry","category-guncel"],"_links":{"self":[{"href":"https:\/\/www.egemtv.com\/index.php?rest_route=\/wp\/v2\/posts\/49453","targetHints":{"allow":["GET"]}}],"collection":[{"href":"https:\/\/www.egemtv.com\/index.php?rest_route=\/wp\/v2\/posts"}],"about":[{"href":"https:\/\/www.egemtv.com\/index.php?rest_route=\/wp\/v2\/types\/post"}],"author":[{"embeddable":true,"href":"https:\/\/www.egemtv.com\/index.php?rest_route=\/wp\/v2\/users\/1"}],"replies":[{"embeddable":true,"href":"https:\/\/www.egemtv.com\/index.php?rest_route=%2Fwp%2Fv2%2Fcomments&post=49453"}],"version-history":[{"count":1,"href":"https:\/\/www.egemtv.com\/index.php?rest_route=\/wp\/v2\/posts\/49453\/revisions"}],"predecessor-version":[{"id":49455,"href":"https:\/\/www.egemtv.com\/index.php?rest_route=\/wp\/v2\/posts\/49453\/revisions\/49455"}],"wp:featuredmedia":[{"embeddable":true,"href":"https:\/\/www.egemtv.com\/index.php?rest_route=\/wp\/v2\/media\/49454"}],"wp:attachment":[{"href":"https:\/\/www.egemtv.com\/index.php?rest_route=%2Fwp%2Fv2%2Fmedia&parent=49453"}],"wp:term":[{"taxonomy":"category","embeddable":true,"href":"https:\/\/www.egemtv.com\/index.php?rest_route=%2Fwp%2Fv2%2Fcategories&post=49453"},{"taxonomy":"post_tag","embeddable":true,"href":"https:\/\/www.egemtv.com\/index.php?rest_route=%2Fwp%2Fv2%2Ftags&post=49453"}],"curies":[{"name":"wp","href":"https:\/\/api.w.org\/{rel}","templated":true}]}}