{"id":49450,"date":"2025-08-18T01:14:30","date_gmt":"2025-08-17T22:14:30","guid":{"rendered":"https:\/\/www.egemtv.com\/?p=49450"},"modified":"2025-08-18T01:14:31","modified_gmt":"2025-08-17T22:14:31","slug":"manisa-fk-hatayspor-macinin-ardindan","status":"publish","type":"post","link":"https:\/\/www.egemtv.com\/?p=49450","title":{"rendered":"Manisa FK-Hatayspor ma\u00e7\u0131n\u0131n ard\u0131ndan"},"content":{"rendered":"<p>Hatayspor ma\u00e7\u0131n\u0131n ard\u0131ndan teknik direkt\u00f6rler a\u00e7\u0131klamalarda bulundu.<\/p>\n<p>Trendyol 1. Lig\u2019in 2. haftas\u0131nda Manisa Futbol Kul\u00fcb\u00fc, evinde konuk etti\u011fi Hatayspor\u2019u 2-1 ma\u011flup ederek, ilk 3 puan\u0131n\u0131 ald\u0131. Ma\u00e7\u0131n ard\u0131ndan her iki tak\u0131m\u0131n teknik direkt\u00f6rleri bas\u0131n toplant\u0131s\u0131nda a\u00e7\u0131klamalarda bulundu. Manisa FK Teknik Direkt\u00f6r\u00fc Taner Ta\u015fk\u0131n, &#8220;Kadro derinli\u011fimiz \u015fu an i\u00e7in \u00e7ok fazla yok. Sezona gen\u00e7 oyuncularla haz\u0131rland\u0131k. Di\u011fer gelen oyuncular da ge\u00e7en hafta i\u00e7inde tak\u0131ma oldular. Onlar\u0131n bir adaptasyonu olacakt\u0131 ama k\u0131sa zamanda bu adaptasyonu da sa\u011flad\u0131\u011f\u0131m\u0131z\u0131 d\u00fc\u015f\u00fcn\u00fcyorum. Bana g\u00f6re ilk devre biraz daha biz iyi oynad\u0131k ama girdi\u011fimiz pozisyonlar gol olmad\u0131. \u0130kinci devrede hi\u00e7 beklemedi\u011fimiz bir anda geriye d\u00fc\u015ft\u00fck. Ama moralimizi bozmad\u0131k. Ayn\u0131 oyun sistemine devam ettik. Neticesinde kendi ad\u0131m\u0131za beklemedi\u011fimiz bir anda Kadir\u2019in m\u00fckemmel vuru\u015fuyla e\u015fitli\u011fi sa\u011flay\u0131nca ma\u00e7 bize d\u00f6nmeye ba\u015flad\u0131. \u00c7ok fazla pozisyon zenginli\u011fimiz var. Bug\u00fcn benim i\u00e7in en \u00f6nemli olan \u015feylerden bir tanesi galibiyetten daha \u00f6nemlisi 2008\u2019\u2019li 4 tane \u00e7ocu\u011fu sahaya s\u00fcrebildim. Manisa FK\u2019n\u0131n gelece\u011fi bence emin ellerde. Bu tarz en az 7-8 tane oyuncu var. Hedefim bu tarz oyuncularla tak\u0131m\u0131n iskeletini olu\u015fturmak. Tabii ki yar\u0131\u015f\u0131r bir Manisa FK olmak i\u00e7in de en az 3 tane daha kaliteli oyuncuya ihtiyac\u0131m\u0131z var. Y\u00f6neticilerimiz, ba\u015fkanlar\u0131m\u0131z da bu y\u00f6nde \u00e7al\u0131\u015f\u0131yor. Bug\u00fcn seyirciyi \u00e7ok be\u011fendim. Burada bizi desteklemeye gelen Manisa FK seyircisine bu galibiyeti arma\u011fan ediyorum&#8221; diye konu\u015ftu<\/p>\n<p>Hatayspor cephesi<br \/>\n<br \/>Lige k\u00f6t\u00fc ba\u015flad\u0131klar\u0131n\u0131 belirten Hatayspor Teknik Direkt\u00f6r\u00fc Murat \u015eahin, &#8220;Bug\u00fcn m\u00fccadele anlam\u0131nda, oyun anlam\u0131nda yedi\u011fimiz ilk gole kadar daha iyiydik. Ama tak\u0131m\u0131m\u0131zda son zamanlarda \u00e7ok fazla bireysel hata yap\u0131yoruz. Bu bireysel hatalarda rakipler bizi cezaland\u0131r\u0131yor. \u0130lk gol\u00fc yiyene kadar asl\u0131nda oyunun tamamen hakimi iken yine \u00e7\u0131karken kapt\u0131rd\u0131\u011f\u0131m\u0131z bir topun sonucunda 35-40 metreden yedi\u011fimiz bir gol var. Ard\u0131ndan bu seviyelerde olmamas\u0131 gereken bir penalt\u0131, \u00fczg\u00fcn\u00fcz. \u00c7\u00f6zmeye \u00e7al\u0131\u015f\u0131yoruz. \u00c7ok k\u0131s\u0131tl\u0131 bir kadromuz var. Olan oyuncular\u0131n, yabanc\u0131lar\u0131n sorunlar\u0131 var. Oynamayanlar var. \u015eu an burada olmayan bu tak\u0131m\u0131n s\u00f6zle\u015fmeli oyuncular\u0131 var ama oynam\u0131yorlar. \u2018Oynamayaca\u011f\u0131z\u2019 diyorlar. Yani \u015fu an buraya getiremiyoruz. Ger\u00e7ekten s\u0131k\u0131nt\u0131 ya\u015f\u0131yoruz ki oyuncu de\u011fi\u015ftirmede bile o s\u0131k\u0131nt\u0131y\u0131 ya\u015f\u0131yoruz. Gen\u00e7 oyunculara \u015fans veriyoruz. Onlardan da bu seviyelerde \u00e7ok \u015fey bekliyoruz. \u00c7\u00fcnk\u00fc oyuncu grubumuz k\u0131s\u0131tl\u0131. \u00c7\u00f6zmeye \u00e7al\u0131\u015faca\u011f\u0131z. Yani oyuncu grubunda \u00f6zellikle burada ya\u015fad\u0131\u011f\u0131m\u0131z s\u0131k\u0131nt\u0131lar enteresan s\u0131k\u0131nt\u0131lar. \u00c7\u00fcnk\u00fc ben futbol hayat\u0131mda 30-31 y\u0131ld\u0131r bu i\u015f i\u00e7indeyim. S\u00f6zle\u015fmeli olup \u2018ben oynam\u0131yorum\u2019 diyen, buraya gelmeyen, kadroda olmayan oyuncu g\u00f6rmedim. \u0130dmana \u00e7\u0131kmayan, \u2018ben oynamayaca\u011f\u0131m\u2019 diyen de\u011fi\u015fik bir grubumuz var. Bu oyuncular\u0131 tak\u0131ma katmaya \u00e7al\u0131\u015fmam\u0131z laz\u0131m. Katamazsak b\u00fcy\u00fck s\u0131k\u0131nt\u0131lar ya\u015fayaca\u011f\u0131z gibi duruyor&#8221; dedi.<br \/><\/p>\n","protected":false},"excerpt":{"rendered":"<p>Hatayspor ma\u00e7\u0131n\u0131n ard\u0131ndan teknik direkt\u00f6rler a\u00e7\u0131klamalarda bulundu. Trendyol 1. Lig\u2019in 2. haftas\u0131nda Manisa Futbol Kul\u00fcb\u00fc, evinde konuk etti\u011fi Hatayspor\u2019u 2-1 ma\u011flup ederek, ilk 3 puan\u0131n\u0131 ald\u0131. Ma\u00e7\u0131n ard\u0131ndan her iki tak\u0131m\u0131n teknik direkt\u00f6rleri bas\u0131n toplant\u0131s\u0131nda a\u00e7\u0131klamalarda bulundu. Manisa FK Teknik Direkt\u00f6r\u00fc Taner Ta\u015fk\u0131n, &#8220;Kadro derinli\u011fimiz \u015fu an i\u00e7in \u00e7ok fazla yok. Sezona gen\u00e7 oyuncularla haz\u0131rland\u0131k&#8230;.<\/p>\n","protected":false},"author":1,"featured_media":49451,"comment_status":"open","ping_status":"open","sticky":false,"template":"","format":"standard","meta":{"_crdt_document":"","footnotes":""},"categories":[4],"tags":[],"class_list":["post-49450","post","type-post","status-publish","format-standard","has-post-thumbnail","hentry","category-spor"],"_links":{"self":[{"href":"https:\/\/www.egemtv.com\/index.php?rest_route=\/wp\/v2\/posts\/49450","targetHints":{"allow":["GET"]}}],"collection":[{"href":"https:\/\/www.egemtv.com\/index.php?rest_route=\/wp\/v2\/posts"}],"about":[{"href":"https:\/\/www.egemtv.com\/index.php?rest_route=\/wp\/v2\/types\/post"}],"author":[{"embeddable":true,"href":"https:\/\/www.egemtv.com\/index.php?rest_route=\/wp\/v2\/users\/1"}],"replies":[{"embeddable":true,"href":"https:\/\/www.egemtv.com\/index.php?rest_route=%2Fwp%2Fv2%2Fcomments&post=49450"}],"version-history":[{"count":1,"href":"https:\/\/www.egemtv.com\/index.php?rest_route=\/wp\/v2\/posts\/49450\/revisions"}],"predecessor-version":[{"id":49452,"href":"https:\/\/www.egemtv.com\/index.php?rest_route=\/wp\/v2\/posts\/49450\/revisions\/49452"}],"wp:featuredmedia":[{"embeddable":true,"href":"https:\/\/www.egemtv.com\/index.php?rest_route=\/wp\/v2\/media\/49451"}],"wp:attachment":[{"href":"https:\/\/www.egemtv.com\/index.php?rest_route=%2Fwp%2Fv2%2Fmedia&parent=49450"}],"wp:term":[{"taxonomy":"category","embeddable":true,"href":"https:\/\/www.egemtv.com\/index.php?rest_route=%2Fwp%2Fv2%2Fcategories&post=49450"},{"taxonomy":"post_tag","embeddable":true,"href":"https:\/\/www.egemtv.com\/index.php?rest_route=%2Fwp%2Fv2%2Ftags&post=49450"}],"curies":[{"name":"wp","href":"https:\/\/api.w.org\/{rel}","templated":true}]}}