{"id":49447,"date":"2025-08-18T00:55:26","date_gmt":"2025-08-17T21:55:26","guid":{"rendered":"https:\/\/www.egemtv.com\/?p=49447"},"modified":"2025-08-18T00:55:27","modified_gmt":"2025-08-17T21:55:27","slug":"sokede-servis-minibusu-ile-otomobil-carpisti-3-yarali","status":"publish","type":"post","link":"https:\/\/www.egemtv.com\/?p=49447","title":{"rendered":"S\u00f6ke\u2019de servis minib\u00fcs\u00fc ile otomobil \u00e7arp\u0131\u015ft\u0131: 3 yaral\u0131"},"content":{"rendered":"<p>Ayd\u0131n\u2019\u0131n S\u00f6ke il\u00e7esinde kontrolden \u00e7\u0131kan otomobilin kar\u015f\u0131 \u015feride ge\u00e7erek servis minib\u00fcs\u00fcne \u00e7arpmas\u0131 sonucu meydana gelen trafik kazas\u0131nda 3 ki\u015fi yaraland\u0131.<br \/>\n<br \/>Edinilen bilgiye g\u00f6re, Ku\u015fadas\u0131\u2019ndan S\u00f6ke istikametine seyir halinde olan 09 ABR 300 plakal\u0131 otomobil, hen\u00fcz bilinmeyen bir nedenle kontrolden \u00e7\u0131karak kar\u015f\u0131 \u015feride ge\u00e7ti. Otomobil, kar\u015f\u0131 y\u00f6nden gelen 09 P 2668 plakal\u0131 servis minib\u00fcs\u00fcne s\u00fcr\u00fcc\u00fc k\u0131sm\u0131ndan \u00e7arpt\u0131. \u00c7arp\u0131\u015fman\u0131n etkisiyle otomobil yan yatt\u0131. Kazada minib\u00fcs s\u00fcr\u00fcc\u00fcs\u00fc ile otomobilde bulunan iki ki\u015fi yaraland\u0131. 112 Acil \u00c7a\u011fr\u0131 Merkezi\u2019ne yap\u0131lan ihbar \u00fczerine olay yerine polis, sa\u011fl\u0131k ve itfaiye ekipleri sevk edildi. K\u0131sa s\u00fcrede olay yerine gelen sa\u011fl\u0131k ekipleri yaral\u0131lara ilk m\u00fcdahalelerini yaparak ambulanslarla S\u00f6ke Fehime Faik Kocag\u00f6z Devlet Hastanesi\u2019ne kald\u0131rd\u0131. Hastanede tedavi alt\u0131na al\u0131nan yaral\u0131lar\u0131n hayati tehlikelerinin bulunmad\u0131\u011f\u0131 \u00f6\u011frenildi.<br \/>\n<br \/>Kaza nedeniyle trafi\u011fe kapanan yolun A\u011fa\u00e7l\u0131 istikameti, ekiplerin ara\u00e7lar\u0131 kald\u0131rma \u00e7al\u0131\u015fmalar\u0131n\u0131n ard\u0131ndan yeniden kontroll\u00fc \u015fekilde ula\u015f\u0131ma a\u00e7\u0131ld\u0131.<br \/>\n<br \/>Kazayla ilgili soru\u015fturma s\u00fcr\u00fcyor.<br \/><\/p>\n","protected":false},"excerpt":{"rendered":"<p>Ayd\u0131n\u2019\u0131n S\u00f6ke il\u00e7esinde kontrolden \u00e7\u0131kan otomobilin kar\u015f\u0131 \u015feride ge\u00e7erek servis minib\u00fcs\u00fcne \u00e7arpmas\u0131 sonucu meydana gelen trafik kazas\u0131nda 3 ki\u015fi yaraland\u0131. Edinilen bilgiye g\u00f6re, Ku\u015fadas\u0131\u2019ndan S\u00f6ke istikametine seyir halinde olan 09 ABR 300 plakal\u0131 otomobil, hen\u00fcz bilinmeyen bir nedenle kontrolden \u00e7\u0131karak kar\u015f\u0131 \u015feride ge\u00e7ti. Otomobil, kar\u015f\u0131 y\u00f6nden gelen 09 P 2668 plakal\u0131 servis minib\u00fcs\u00fcne s\u00fcr\u00fcc\u00fc k\u0131sm\u0131ndan&#8230;<\/p>\n","protected":false},"author":1,"featured_media":49448,"comment_status":"open","ping_status":"open","sticky":false,"template":"","format":"standard","meta":{"_crdt_document":"","footnotes":""},"categories":[5],"tags":[],"class_list":["post-49447","post","type-post","status-publish","format-standard","has-post-thumbnail","hentry","category-asayis"],"_links":{"self":[{"href":"https:\/\/www.egemtv.com\/index.php?rest_route=\/wp\/v2\/posts\/49447","targetHints":{"allow":["GET"]}}],"collection":[{"href":"https:\/\/www.egemtv.com\/index.php?rest_route=\/wp\/v2\/posts"}],"about":[{"href":"https:\/\/www.egemtv.com\/index.php?rest_route=\/wp\/v2\/types\/post"}],"author":[{"embeddable":true,"href":"https:\/\/www.egemtv.com\/index.php?rest_route=\/wp\/v2\/users\/1"}],"replies":[{"embeddable":true,"href":"https:\/\/www.egemtv.com\/index.php?rest_route=%2Fwp%2Fv2%2Fcomments&post=49447"}],"version-history":[{"count":1,"href":"https:\/\/www.egemtv.com\/index.php?rest_route=\/wp\/v2\/posts\/49447\/revisions"}],"predecessor-version":[{"id":49449,"href":"https:\/\/www.egemtv.com\/index.php?rest_route=\/wp\/v2\/posts\/49447\/revisions\/49449"}],"wp:featuredmedia":[{"embeddable":true,"href":"https:\/\/www.egemtv.com\/index.php?rest_route=\/wp\/v2\/media\/49448"}],"wp:attachment":[{"href":"https:\/\/www.egemtv.com\/index.php?rest_route=%2Fwp%2Fv2%2Fmedia&parent=49447"}],"wp:term":[{"taxonomy":"category","embeddable":true,"href":"https:\/\/www.egemtv.com\/index.php?rest_route=%2Fwp%2Fv2%2Fcategories&post=49447"},{"taxonomy":"post_tag","embeddable":true,"href":"https:\/\/www.egemtv.com\/index.php?rest_route=%2Fwp%2Fv2%2Ftags&post=49447"}],"curies":[{"name":"wp","href":"https:\/\/api.w.org\/{rel}","templated":true}]}}