{"id":49441,"date":"2025-08-17T22:22:12","date_gmt":"2025-08-17T19:22:12","guid":{"rendered":"https:\/\/www.egemtv.com\/?p=49441"},"modified":"2025-08-17T22:22:12","modified_gmt":"2025-08-17T19:22:12","slug":"aydindan-64-ogrenci-genclik-kamplarina-ugurlandi","status":"publish","type":"post","link":"https:\/\/www.egemtv.com\/?p=49441","title":{"rendered":"Ayd\u0131n\u2019dan 64 \u00f6\u011frenci gen\u00e7lik kamplar\u0131na u\u011furland\u0131"},"content":{"rendered":"<p>Ayd\u0131nl\u0131 64 \u00f6\u011frenci, Hatay ve Mersin\u2019de d\u00fczenlenecek olan gen\u00e7lik kamplar\u0131na u\u011furland\u0131.<\/p>\n<p>Gen\u00e7lik ve Spor Bakanl\u0131\u011f\u0131 taraf\u0131ndan her y\u0131l farkl\u0131 illerde organize edilen kamplar, \u00f6\u011frencilerin sosyal ve k\u00fclt\u00fcrel geli\u015fimlerine katk\u0131 sunmay\u0131 ama\u00e7l\u0131yor. Bu y\u0131l da kamplara kat\u0131l\u0131m sa\u011flayan \u00f6\u011frenciler, \u00e7e\u015fitli sportif, sanatsal ve k\u00fclt\u00fcrel faaliyetlerle dolu bir programda yer alacak. Gen\u00e7lerin hem e\u011flenmeleri hem de farkl\u0131 illerden gelen akranlar\u0131yla kayna\u015farak yeni dostluklar kurmalar\u0131n\u0131n hedeflenirken, Ayd\u0131n\u2019dan 64 \u00f6\u011frenci, Ayd\u0131n Vali Yard\u0131mc\u0131s\u0131 Kamuran Mustafa Ball\u0131 ve Gen\u00e7lik ve Spor \u0130l M\u00fcd\u00fcr\u00fc Serhat Y\u0131\u011fmatepe\u2019nin de kat\u0131l\u0131m\u0131 ile Hatay ve Mersin\u2019de d\u00fczenlenecek olan gen\u00e7lik kamplar\u0131na u\u011furland\u0131.<\/p>\n<p>Ayd\u0131n Gen\u00e7lik ve Spor \u0130l M\u00fcd\u00fcrl\u00fc\u011f\u00fc\u2019nden yap\u0131lan a\u00e7\u0131klamada, &#8220;Ayd\u0131n Vali Yard\u0131mc\u0131m\u0131z Kamuran Mustafa Ball\u0131 ve \u0130l M\u00fcd\u00fcr\u00fcm\u00fcz Serhat Y\u0131\u011fmatepe, Hatay ve Mersin\u2019de d\u00fczenlenecek kamplara kat\u0131lacak 64 \u00f6\u011frencimizi u\u011furlad\u0131. Gen\u00e7lerimize keyifli, verimli ve unutulmaz bir kamp d\u00f6nemi dileriz&#8221; denildi.<br \/><\/p>\n","protected":false},"excerpt":{"rendered":"<p>Ayd\u0131nl\u0131 64 \u00f6\u011frenci, Hatay ve Mersin\u2019de d\u00fczenlenecek olan gen\u00e7lik kamplar\u0131na u\u011furland\u0131. Gen\u00e7lik ve Spor Bakanl\u0131\u011f\u0131 taraf\u0131ndan her y\u0131l farkl\u0131 illerde organize edilen kamplar, \u00f6\u011frencilerin sosyal ve k\u00fclt\u00fcrel geli\u015fimlerine katk\u0131 sunmay\u0131 ama\u00e7l\u0131yor. Bu y\u0131l da kamplara kat\u0131l\u0131m sa\u011flayan \u00f6\u011frenciler, \u00e7e\u015fitli sportif, sanatsal ve k\u00fclt\u00fcrel faaliyetlerle dolu bir programda yer alacak. Gen\u00e7lerin hem e\u011flenmeleri hem de farkl\u0131&#8230;<\/p>\n","protected":false},"author":1,"featured_media":49442,"comment_status":"open","ping_status":"open","sticky":false,"template":"","format":"standard","meta":{"_crdt_document":"","footnotes":""},"categories":[1],"tags":[],"class_list":["post-49441","post","type-post","status-publish","format-standard","has-post-thumbnail","hentry","category-guncel"],"_links":{"self":[{"href":"https:\/\/www.egemtv.com\/index.php?rest_route=\/wp\/v2\/posts\/49441","targetHints":{"allow":["GET"]}}],"collection":[{"href":"https:\/\/www.egemtv.com\/index.php?rest_route=\/wp\/v2\/posts"}],"about":[{"href":"https:\/\/www.egemtv.com\/index.php?rest_route=\/wp\/v2\/types\/post"}],"author":[{"embeddable":true,"href":"https:\/\/www.egemtv.com\/index.php?rest_route=\/wp\/v2\/users\/1"}],"replies":[{"embeddable":true,"href":"https:\/\/www.egemtv.com\/index.php?rest_route=%2Fwp%2Fv2%2Fcomments&post=49441"}],"version-history":[{"count":1,"href":"https:\/\/www.egemtv.com\/index.php?rest_route=\/wp\/v2\/posts\/49441\/revisions"}],"predecessor-version":[{"id":49443,"href":"https:\/\/www.egemtv.com\/index.php?rest_route=\/wp\/v2\/posts\/49441\/revisions\/49443"}],"wp:featuredmedia":[{"embeddable":true,"href":"https:\/\/www.egemtv.com\/index.php?rest_route=\/wp\/v2\/media\/49442"}],"wp:attachment":[{"href":"https:\/\/www.egemtv.com\/index.php?rest_route=%2Fwp%2Fv2%2Fmedia&parent=49441"}],"wp:term":[{"taxonomy":"category","embeddable":true,"href":"https:\/\/www.egemtv.com\/index.php?rest_route=%2Fwp%2Fv2%2Fcategories&post=49441"},{"taxonomy":"post_tag","embeddable":true,"href":"https:\/\/www.egemtv.com\/index.php?rest_route=%2Fwp%2Fv2%2Ftags&post=49441"}],"curies":[{"name":"wp","href":"https:\/\/api.w.org\/{rel}","templated":true}]}}