{"id":49438,"date":"2025-08-17T22:22:11","date_gmt":"2025-08-17T19:22:11","guid":{"rendered":"https:\/\/www.egemtv.com\/?p=49438"},"modified":"2025-08-17T22:22:12","modified_gmt":"2025-08-17T19:22:12","slug":"ak-parti-mugla-milletvekili-mete-trafik-kazasi-gecirdi","status":"publish","type":"post","link":"https:\/\/www.egemtv.com\/?p=49438","title":{"rendered":"AK Parti Mu\u011fla Milletvekili Mete trafik kazas\u0131 ge\u00e7irdi"},"content":{"rendered":"<p>AK Parti Mu\u011fla Milletvekili Kadem Mete\u2019nin de i\u00e7erisinde bulundu\u011fu ara\u00e7, trafik kazas\u0131na kar\u0131\u015ft\u0131. Mete, kazay\u0131 yara almadan atlatt\u0131.<br \/>\n<br \/>Kaza, Seydikemer-Fethiye Karayolu \u00fczerinde ak\u015fam saatlerinde meydana geldi. Edinilen bilgiye g\u00f6re, 34 GDB 730 plakal\u0131 otomobil ile 48 ANM 746 plakal\u0131 ve i\u00e7erisinde AK Parti Mu\u011fla Milletvekili Kadem Mete\u2019nin de bulundu\u011fu 48 KM 953 plakal\u0131 otomobil \u00e7arp\u0131\u015ft\u0131. \u00c7arp\u0131\u015fman\u0131n etkisiyle ara\u00e7larda maddi hasar meydana gelirken, ara\u00e7 s\u00fcr\u00fcc\u00fcleri ve yolcular kazay\u0131 yara almadan atlatt\u0131.<br \/>\n<br \/>Kazayla ilgili soru\u015fturma ba\u015flat\u0131ld\u0131.<br \/><\/p>\n","protected":false},"excerpt":{"rendered":"<p>AK Parti Mu\u011fla Milletvekili Kadem Mete\u2019nin de i\u00e7erisinde bulundu\u011fu ara\u00e7, trafik kazas\u0131na kar\u0131\u015ft\u0131. Mete, kazay\u0131 yara almadan atlatt\u0131. Kaza, Seydikemer-Fethiye Karayolu \u00fczerinde ak\u015fam saatlerinde meydana geldi. Edinilen bilgiye g\u00f6re, 34 GDB 730 plakal\u0131 otomobil ile 48 ANM 746 plakal\u0131 ve i\u00e7erisinde AK Parti Mu\u011fla Milletvekili Kadem Mete\u2019nin de bulundu\u011fu 48 KM 953 plakal\u0131 otomobil \u00e7arp\u0131\u015ft\u0131&#8230;.<\/p>\n","protected":false},"author":1,"featured_media":49439,"comment_status":"open","ping_status":"open","sticky":false,"template":"","format":"standard","meta":{"_crdt_document":"","footnotes":""},"categories":[5],"tags":[],"class_list":["post-49438","post","type-post","status-publish","format-standard","has-post-thumbnail","hentry","category-asayis"],"_links":{"self":[{"href":"https:\/\/www.egemtv.com\/index.php?rest_route=\/wp\/v2\/posts\/49438","targetHints":{"allow":["GET"]}}],"collection":[{"href":"https:\/\/www.egemtv.com\/index.php?rest_route=\/wp\/v2\/posts"}],"about":[{"href":"https:\/\/www.egemtv.com\/index.php?rest_route=\/wp\/v2\/types\/post"}],"author":[{"embeddable":true,"href":"https:\/\/www.egemtv.com\/index.php?rest_route=\/wp\/v2\/users\/1"}],"replies":[{"embeddable":true,"href":"https:\/\/www.egemtv.com\/index.php?rest_route=%2Fwp%2Fv2%2Fcomments&post=49438"}],"version-history":[{"count":1,"href":"https:\/\/www.egemtv.com\/index.php?rest_route=\/wp\/v2\/posts\/49438\/revisions"}],"predecessor-version":[{"id":49440,"href":"https:\/\/www.egemtv.com\/index.php?rest_route=\/wp\/v2\/posts\/49438\/revisions\/49440"}],"wp:featuredmedia":[{"embeddable":true,"href":"https:\/\/www.egemtv.com\/index.php?rest_route=\/wp\/v2\/media\/49439"}],"wp:attachment":[{"href":"https:\/\/www.egemtv.com\/index.php?rest_route=%2Fwp%2Fv2%2Fmedia&parent=49438"}],"wp:term":[{"taxonomy":"category","embeddable":true,"href":"https:\/\/www.egemtv.com\/index.php?rest_route=%2Fwp%2Fv2%2Fcategories&post=49438"},{"taxonomy":"post_tag","embeddable":true,"href":"https:\/\/www.egemtv.com\/index.php?rest_route=%2Fwp%2Fv2%2Ftags&post=49438"}],"curies":[{"name":"wp","href":"https:\/\/api.w.org\/{rel}","templated":true}]}}