{"id":49435,"date":"2025-08-17T21:54:52","date_gmt":"2025-08-17T18:54:52","guid":{"rendered":"https:\/\/www.egemtv.com\/?p=49435"},"modified":"2025-08-17T21:54:53","modified_gmt":"2025-08-17T18:54:53","slug":"domanicte-664-yagli-pehlivan-guresleri-buyuk-coskuyla-gerceklesti","status":"publish","type":"post","link":"https:\/\/www.egemtv.com\/?p=49435","title":{"rendered":"Domani\u00e7\u2019te 664. Ya\u011fl\u0131 Pehlivan G\u00fcre\u015fleri b\u00fcy\u00fck co\u015fkuyla ger\u00e7ekle\u015fti"},"content":{"rendered":"<p>K\u00fctahya\u2019n\u0131n Domani\u00e7 il\u00e7esinde d\u00fczenlenen 664. Tarihi Ya\u011fl\u0131 Pehlivan G\u00fcre\u015fleri, renkli g\u00f6r\u00fcnt\u00fclere sahne oldu. Bu y\u0131l\u0131n ba\u015fpehlivan\u0131 Nedim G\u00fcrel olurken, g\u00fcre\u015f a\u011fal\u0131\u011f\u0131n\u0131 1 milyon lira ile \u00f6nceki a\u011fa \u0130smail Akg\u00fcne\u015f kazand\u0131.<br \/>\n<br \/>Domani\u00e7 Er Meydan\u0131\u2019nda ger\u00e7ekle\u015ftirilen organizasyonda yakla\u015f\u0131k 300 pehlivan, ba\u015f, ba\u015falt\u0131, b\u00fcy\u00fck orta, k\u00fc\u00e7\u00fck orta, deste b\u00fcy\u00fck, deste k\u00fc\u00e7\u00fck, tozkoparan ve minikler kategorilerinde k\u0131yas\u0131ya m\u00fccadele etti.<br \/>\n<br \/>Final m\u00fcsabakas\u0131 ise ba\u015fpehlivan Nedim G\u00fcrel ile Ali G\u00fcrb\u00fcz aras\u0131nda k\u0131ran k\u0131rana ge\u00e7ti. G\u00fcrel\u2019in galip geldi\u011fi m\u00fcsabakada ikinci Ali G\u00fcrb\u00fcz olurken, \u00fc\u00e7\u00fcnc\u00fcl\u00fc\u011f\u00fc Arif Ak\u0131n ile Feyzullah Akt\u00fcrk payla\u015ft\u0131. Ba\u015falt\u0131 kategorisinde ise Bekir Can \u00d6zturgut birinci, G\u00fcrkan Balc\u0131 ikinci, R\u0131za Durmu\u015f ve \u0130lker Durmu\u015f \u00fc\u00e7\u00fcnc\u00fc oldu.<br \/>\n<br \/>Domani\u00e7 Belediyesi ve g\u00fcre\u015f a\u011fas\u0131 i\u015f birli\u011finde d\u00fczenlenen g\u00fcre\u015flere, \u00e7evre il ve il\u00e7elerin belediye ba\u015fkanlar\u0131, K\u00fctahya protokol\u00fc ve \u00e7ok say\u0131da g\u00fcre\u015fsever kat\u0131ld\u0131. Organizasyon, bir g\u00fcn \u00f6nceden belediye \u00f6n\u00fcnde Y\u00f6r\u00fck K\u0131z\u0131 Fato\u015f Kad\u0131o\u011flu konseriyle ba\u015flad\u0131, ikinci g\u00fcn ise Kutay T\u00fcrk Sava\u015f Sanatlar\u0131 G\u00f6steri Ekibi\u2019nin g\u00f6sterisiyle devam etti.<br \/>\n<br \/>Co\u015fkulu kalabal\u0131k saatlerce er meydan\u0131ndan ayr\u0131lmayarak g\u00fcre\u015fleri ve g\u00f6sterileri b\u00fcy\u00fck ilgiyle izlerken, belediye ve g\u00fcre\u015f a\u011fas\u0131 da izleyicilere \u00e7e\u015fitli ikramlarda bulundu.<br \/>\n<br \/>K\u00fctahya Vali Yard\u0131mc\u0131s\u0131 Burhanettin Yava\u015fi, yapt\u0131\u011f\u0131 konu\u015fmada Domani\u00e7\u2019in sadece do\u011fal g\u00fczellikleriyle de\u011fil, tarihi ve k\u00fclt\u00fcrel miraslar\u0131yla da \u00f6ne \u00e7\u0131kt\u0131\u011f\u0131n\u0131 belirterek, &#8220;Bu kalabal\u0131k, g\u00fcre\u015f gelene\u011finin gelecekte de ya\u015fayaca\u011f\u0131n\u0131n g\u00f6stergesidir&#8221; dedi.<br \/>\n<br \/>Domani\u00e7 Belediye Ba\u015fkan\u0131 Engin Uysal ise Osmanl\u0131\u2019n\u0131n kurulu\u015f topraklar\u0131 olan Domani\u00e7\u2019in \u00f6nemine dikkat \u00e7ekerek, &#8220;Bu er meydan\u0131 sadece sporun de\u011fil, tarihin ve k\u00fclt\u00fcr\u00fcn de ya\u015fat\u0131ld\u0131\u011f\u0131 bir aland\u0131r&#8221; ifadelerini kulland\u0131.<br \/>\n<br \/>Yeniden g\u00fcre\u015f a\u011fas\u0131 se\u00e7ilen \u0130smail Akg\u00fcne\u015f de yapt\u0131\u011f\u0131 konu\u015fmada, &#8220;Ata sporuna sahip \u00e7\u0131kan herkese te\u015fekk\u00fcr ediyorum. Bu gelene\u011fi ya\u015fatman\u0131n gururunu ta\u015f\u0131yoruz&#8221; dedi.<br \/><\/p>\n","protected":false},"excerpt":{"rendered":"<p>K\u00fctahya\u2019n\u0131n Domani\u00e7 il\u00e7esinde d\u00fczenlenen 664. Tarihi Ya\u011fl\u0131 Pehlivan G\u00fcre\u015fleri, renkli g\u00f6r\u00fcnt\u00fclere sahne oldu. Bu y\u0131l\u0131n ba\u015fpehlivan\u0131 Nedim G\u00fcrel olurken, g\u00fcre\u015f a\u011fal\u0131\u011f\u0131n\u0131 1 milyon lira ile \u00f6nceki a\u011fa \u0130smail Akg\u00fcne\u015f kazand\u0131. Domani\u00e7 Er Meydan\u0131\u2019nda ger\u00e7ekle\u015ftirilen organizasyonda yakla\u015f\u0131k 300 pehlivan, ba\u015f, ba\u015falt\u0131, b\u00fcy\u00fck orta, k\u00fc\u00e7\u00fck orta, deste b\u00fcy\u00fck, deste k\u00fc\u00e7\u00fck, tozkoparan ve minikler kategorilerinde k\u0131yas\u0131ya m\u00fccadele etti&#8230;.<\/p>\n","protected":false},"author":1,"featured_media":49436,"comment_status":"open","ping_status":"open","sticky":false,"template":"","format":"standard","meta":{"_crdt_document":"","footnotes":""},"categories":[4],"tags":[],"class_list":["post-49435","post","type-post","status-publish","format-standard","has-post-thumbnail","hentry","category-spor"],"_links":{"self":[{"href":"https:\/\/www.egemtv.com\/index.php?rest_route=\/wp\/v2\/posts\/49435","targetHints":{"allow":["GET"]}}],"collection":[{"href":"https:\/\/www.egemtv.com\/index.php?rest_route=\/wp\/v2\/posts"}],"about":[{"href":"https:\/\/www.egemtv.com\/index.php?rest_route=\/wp\/v2\/types\/post"}],"author":[{"embeddable":true,"href":"https:\/\/www.egemtv.com\/index.php?rest_route=\/wp\/v2\/users\/1"}],"replies":[{"embeddable":true,"href":"https:\/\/www.egemtv.com\/index.php?rest_route=%2Fwp%2Fv2%2Fcomments&post=49435"}],"version-history":[{"count":1,"href":"https:\/\/www.egemtv.com\/index.php?rest_route=\/wp\/v2\/posts\/49435\/revisions"}],"predecessor-version":[{"id":49437,"href":"https:\/\/www.egemtv.com\/index.php?rest_route=\/wp\/v2\/posts\/49435\/revisions\/49437"}],"wp:featuredmedia":[{"embeddable":true,"href":"https:\/\/www.egemtv.com\/index.php?rest_route=\/wp\/v2\/media\/49436"}],"wp:attachment":[{"href":"https:\/\/www.egemtv.com\/index.php?rest_route=%2Fwp%2Fv2%2Fmedia&parent=49435"}],"wp:term":[{"taxonomy":"category","embeddable":true,"href":"https:\/\/www.egemtv.com\/index.php?rest_route=%2Fwp%2Fv2%2Fcategories&post=49435"},{"taxonomy":"post_tag","embeddable":true,"href":"https:\/\/www.egemtv.com\/index.php?rest_route=%2Fwp%2Fv2%2Ftags&post=49435"}],"curies":[{"name":"wp","href":"https:\/\/api.w.org\/{rel}","templated":true}]}}