{"id":49432,"date":"2025-08-17T20:54:54","date_gmt":"2025-08-17T17:54:54","guid":{"rendered":"https:\/\/www.egemtv.com\/?p=49432"},"modified":"2025-08-17T20:54:55","modified_gmt":"2025-08-17T17:54:55","slug":"geleneksel-yayla-seki-yagli-gureslerini-koc-kazandi","status":"publish","type":"post","link":"https:\/\/www.egemtv.com\/?p=49432","title":{"rendered":"Geleneksel Yayla Seki Ya\u011fl\u0131 G\u00fcre\u015fleri\u2019ni \u2018Ko\u00e7\u2019 kazand\u0131"},"content":{"rendered":"<p>Mu\u011fla\u2019n\u0131n Seydikemer il\u00e7esinde 32. Geleneksel Yayla Seki Ya\u011fl\u0131 G\u00fcre\u015fleri finalinde Orhan Okulu ile kar\u015f\u0131la\u015fan \u0130smail Ko\u00e7, b\u00fcy\u00fck \u00e7eki\u015fme i\u00e7inde ge\u00e7en kar\u015f\u0131la\u015fmay\u0131 kazanarak Seydikemer\u2019in ba\u015fpehlivan\u0131 oldu.<\/p>\n<p>Seydikemer Belediyesi\u2019nin d\u00fczenledi\u011fi 32. Geleneksel Yayla Seki Ya\u011fl\u0131 G\u00fcre\u015fleri sayg\u0131 duru\u015fu ve \u0130stiklal Mar\u015f\u0131\u2019n\u0131n okunmas\u0131yla ba\u015fland\u0131. Ya\u011fl\u0131 g\u00fcre\u015flere \u00e7e\u015fitli illerden 65\u2019i ba\u015fpehlivan, bin g\u00fcre\u015f\u00e7i kat\u0131ld\u0131. \u00c7eki\u015fmeli, heyecanl\u0131 ve k\u0131ran k\u0131rana ge\u00e7en g\u00fcre\u015flerde pehlivanlar izleyenlere heyecanl\u0131 anlar ya\u015fatt\u0131. Yo\u011fun kalabal\u0131\u011f\u0131n izledi\u011fi g\u00fcre\u015fleri \u00e7evre il ve il\u00e7elerden gelen y\u00fczlerce ki\u015fi, Seki Mahallesi, Z\u00fcmr\u00fct \u00c7ay\u0131r\u0131\u2019nda bulu\u015ftu.<\/p>\n<p>Ba\u015fpehlivan \u0130smail Ko\u00e7 oldu<br \/>\n<br \/>Seki Ya\u011fl\u0131 G\u00fcre\u015fleri, Tarihi K\u0131rkp\u0131nar G\u00fcre\u015fleri\u2019ni de aratmad\u0131. G\u00fcre\u015flerde ba\u015fpehlivanl\u0131k i\u00e7in Orhan Okulu ile \u0130smail Ko\u00e7 kar\u015f\u0131la\u015ft\u0131. \u0130zleyenlerin b\u00fcy\u00fck heyecanla izledi\u011fi final g\u00fcre\u015fi yakla\u015f\u0131k 15 dakika s\u00fcrd\u00fc. \u0130smail Ko\u00e7, rakibi Orhan Okulu\u2019ya yapt\u0131\u011f\u0131 atakla yenmeyi ba\u015fard\u0131.<\/p>\n<p>A\u011fal\u0131k 10 milyon TL\u2019ye verildi<br \/>\n<br \/>Organizasyonda, g\u00fcre\u015f a\u011fal\u0131\u011f\u0131n\u0131 10 milyon bedelle ge\u00e7en 2 senenin de a\u011fas\u0131 olan i\u015f insan\u0131 \u015eaban Kara\u015fal ald\u0131. Kara\u015fal b\u00f6ylelikle alt\u0131n kemerin sahibi oldu.<\/p>\n<p>&#8220;Mu\u011fla\u2019m\u0131z\u0131n en b\u00fcy\u00fck organizasyonunu burada ger\u00e7ekle\u015ftiriyoruz&#8221;<br \/>\n<br \/>Seydikemer Belediye Ba\u015fkan\u0131 Bayram \u00d6nder Akdenizli, &#8220;Seydikemer\u2019de Seki\u2019de ya\u011fl\u0131 g\u00fcre\u015flerimiz Mu\u011fla\u2019m\u0131z\u0131n en b\u00fcy\u00fck organizasyonunu burada ger\u00e7ekle\u015ftiriyoruz. Bug\u00fcn yakla\u015f\u0131k 65 ba\u015fpehlivan\u0131m\u0131z burada kol ba\u011flad\u0131.  Ba\u015fpehlivan \u0130smail Ko\u00e7\u2019u ve yar\u0131 finale kalan sporcular\u0131 tebrik ediyorum. \u0130n\u015fallah gelecek y\u0131llarda daha iyi etkinliklerde g\u00f6r\u00fc\u015f\u00fcr\u00fcz&#8221; diye konu\u015ftu.<\/p>\n<p>G\u00fcre\u015fleri AK Parti Sosyal Politikalar Ba\u015fkan\u0131 Dr. Fatma Bet\u00fcl Sayan Kaya, AK Parti Mu\u011fla Milletvekilleri Yakup Otg\u00f6z ve Kadem Mete, Mu\u011fla B\u00fcy\u00fck\u015fehir Belediye Ba\u015fkan\u0131 Ahmet Aras, Fethiye Kaymakam\u0131 Fatih Akkaya, Seydikemer Kaymakam\u0131 Mustafa Dilekli, Seydikemer Belediye Ba\u015fkan\u0131 Bayram \u00d6nder Akdenizli, Fethiye Belediye Ba\u015fkan\u0131 Alim Karaca ve STK ve dernek ba\u015fkanlar\u0131 ile \u00e7ok say\u0131da vatanda\u015f izledi.<br \/><\/p>\n","protected":false},"excerpt":{"rendered":"<p>Mu\u011fla\u2019n\u0131n Seydikemer il\u00e7esinde 32. Geleneksel Yayla Seki Ya\u011fl\u0131 G\u00fcre\u015fleri finalinde Orhan Okulu ile kar\u015f\u0131la\u015fan \u0130smail Ko\u00e7, b\u00fcy\u00fck \u00e7eki\u015fme i\u00e7inde ge\u00e7en kar\u015f\u0131la\u015fmay\u0131 kazanarak Seydikemer\u2019in ba\u015fpehlivan\u0131 oldu. Seydikemer Belediyesi\u2019nin d\u00fczenledi\u011fi 32. Geleneksel Yayla Seki Ya\u011fl\u0131 G\u00fcre\u015fleri sayg\u0131 duru\u015fu ve \u0130stiklal Mar\u015f\u0131\u2019n\u0131n okunmas\u0131yla ba\u015fland\u0131. Ya\u011fl\u0131 g\u00fcre\u015flere \u00e7e\u015fitli illerden 65\u2019i ba\u015fpehlivan, bin g\u00fcre\u015f\u00e7i kat\u0131ld\u0131. \u00c7eki\u015fmeli, heyecanl\u0131 ve k\u0131ran k\u0131rana&#8230;<\/p>\n","protected":false},"author":1,"featured_media":49433,"comment_status":"open","ping_status":"open","sticky":false,"template":"","format":"standard","meta":{"_crdt_document":"","footnotes":""},"categories":[1],"tags":[],"class_list":["post-49432","post","type-post","status-publish","format-standard","has-post-thumbnail","hentry","category-guncel"],"_links":{"self":[{"href":"https:\/\/www.egemtv.com\/index.php?rest_route=\/wp\/v2\/posts\/49432","targetHints":{"allow":["GET"]}}],"collection":[{"href":"https:\/\/www.egemtv.com\/index.php?rest_route=\/wp\/v2\/posts"}],"about":[{"href":"https:\/\/www.egemtv.com\/index.php?rest_route=\/wp\/v2\/types\/post"}],"author":[{"embeddable":true,"href":"https:\/\/www.egemtv.com\/index.php?rest_route=\/wp\/v2\/users\/1"}],"replies":[{"embeddable":true,"href":"https:\/\/www.egemtv.com\/index.php?rest_route=%2Fwp%2Fv2%2Fcomments&post=49432"}],"version-history":[{"count":1,"href":"https:\/\/www.egemtv.com\/index.php?rest_route=\/wp\/v2\/posts\/49432\/revisions"}],"predecessor-version":[{"id":49434,"href":"https:\/\/www.egemtv.com\/index.php?rest_route=\/wp\/v2\/posts\/49432\/revisions\/49434"}],"wp:featuredmedia":[{"embeddable":true,"href":"https:\/\/www.egemtv.com\/index.php?rest_route=\/wp\/v2\/media\/49433"}],"wp:attachment":[{"href":"https:\/\/www.egemtv.com\/index.php?rest_route=%2Fwp%2Fv2%2Fmedia&parent=49432"}],"wp:term":[{"taxonomy":"category","embeddable":true,"href":"https:\/\/www.egemtv.com\/index.php?rest_route=%2Fwp%2Fv2%2Fcategories&post=49432"},{"taxonomy":"post_tag","embeddable":true,"href":"https:\/\/www.egemtv.com\/index.php?rest_route=%2Fwp%2Fv2%2Ftags&post=49432"}],"curies":[{"name":"wp","href":"https:\/\/api.w.org\/{rel}","templated":true}]}}