{"id":49429,"date":"2025-08-17T20:15:08","date_gmt":"2025-08-17T17:15:08","guid":{"rendered":"https:\/\/www.egemtv.com\/?p=49429"},"modified":"2025-08-17T20:15:09","modified_gmt":"2025-08-17T17:15:09","slug":"supermoto-sampiyonasinin-3-ayagi-usakta-tamamlandi","status":"publish","type":"post","link":"https:\/\/www.egemtv.com\/?p=49429","title":{"rendered":"S\u00fcpermoto \u015eampiyonas\u0131\u2019n\u0131n 3. Aya\u011f\u0131 U\u015fak\u2019ta tamamland\u0131"},"content":{"rendered":"<p>T\u00fcrkiye S\u00fcpermoto \u015eampiyonas\u0131\u2019n\u0131n sezonun 3. ayak yar\u0131\u015flar\u0131 U\u015fak\u2019ta tamamland\u0131.<br \/>\n<br \/>T\u00fcrkiye Motosiklet Federasyonu (TMF) yar\u0131\u015f takviminde yer alan T\u00fcrkiye S\u00fcpermoto \u015eampiyonas\u0131\u2019n\u0131n 3. ayak yar\u0131\u015flar\u0131 ve FIM MiniGP T\u00fcrkiye serisi bin 370 metre uzunlu\u011fundaki U\u015fak Belediyesi Yar\u0131\u015f Pisti\u2019nde yap\u0131ld\u0131. Motor sporlar\u0131n\u0131n en keskin virajlar\u0131nda \u00e7eki\u015fmeli m\u00fccadelelerinin ya\u015fand\u0131\u011f\u0131 S\u00fcpermoto yar\u0131\u015flar\u0131nda izleyenlerin heyecana ortak oldu\u011fu g\u00f6r\u00fcld\u00fc. T\u00fcrkiye S\u00fcpermoto \u015eampiyonas\u0131\u2019n\u0131n 3. aya\u011f\u0131nda S\u00fcpermoto Open, S\u00fcpermoto S3, S\u00fcpermoto 85 cc, S\u00fcpermoto 65 cc, 50 cc ve 50 cc Mini kategorilerinde 40 sporcu m\u00fccadele etti.<br \/>\n<br \/>Kategorilerinde dereceye giren yar\u0131\u015fmac\u0131lara Belediye Ba\u015fkan\u0131 \u00d6zkan Yal\u0131m, Belediye Ba\u015fkan Yard\u0131mc\u0131s\u0131 \u00c7a\u011flar Samanc\u0131, \u0130l Gen\u00e7lik ve Spor \u0130l M\u00fcd\u00fcr\u00fc Hac\u0131 Tevfik \u00d6zdemir ve protokol \u00fcyeleri taraf\u0131ndan kupalar\u0131 verildi.<br \/>\n<br \/>Yar\u0131\u015flar sonunda, S\u00fcpermoto Open kategorisinde Adem I\u015f\u0131k, S\u00fcpermoto S3 kategorisinde Egehan \u00c7alhan, S\u00fcpermoto 85 cc kategorisinde Uzay Alp Urcan, S\u00fcpermoto 65 cc kategorisinde Poyraz Bor, S\u00fcpermoto 50 cc kategorisinde Ali Tok ve S\u00fcpermoto 50 cc Mini kategorisinde Atlas Pars Pehlivan dereceye girdi.<br \/><\/p>\n","protected":false},"excerpt":{"rendered":"<p>T\u00fcrkiye S\u00fcpermoto \u015eampiyonas\u0131\u2019n\u0131n sezonun 3. ayak yar\u0131\u015flar\u0131 U\u015fak\u2019ta tamamland\u0131. T\u00fcrkiye Motosiklet Federasyonu (TMF) yar\u0131\u015f takviminde yer alan T\u00fcrkiye S\u00fcpermoto \u015eampiyonas\u0131\u2019n\u0131n 3. ayak yar\u0131\u015flar\u0131 ve FIM MiniGP T\u00fcrkiye serisi bin 370 metre uzunlu\u011fundaki U\u015fak Belediyesi Yar\u0131\u015f Pisti\u2019nde yap\u0131ld\u0131. Motor sporlar\u0131n\u0131n en keskin virajlar\u0131nda \u00e7eki\u015fmeli m\u00fccadelelerinin ya\u015fand\u0131\u011f\u0131 S\u00fcpermoto yar\u0131\u015flar\u0131nda izleyenlerin heyecana ortak oldu\u011fu g\u00f6r\u00fcld\u00fc. T\u00fcrkiye S\u00fcpermoto \u015eampiyonas\u0131\u2019n\u0131n&#8230;<\/p>\n","protected":false},"author":1,"featured_media":49430,"comment_status":"open","ping_status":"open","sticky":false,"template":"","format":"standard","meta":{"_crdt_document":"","footnotes":""},"categories":[4],"tags":[],"class_list":["post-49429","post","type-post","status-publish","format-standard","has-post-thumbnail","hentry","category-spor"],"_links":{"self":[{"href":"https:\/\/www.egemtv.com\/index.php?rest_route=\/wp\/v2\/posts\/49429","targetHints":{"allow":["GET"]}}],"collection":[{"href":"https:\/\/www.egemtv.com\/index.php?rest_route=\/wp\/v2\/posts"}],"about":[{"href":"https:\/\/www.egemtv.com\/index.php?rest_route=\/wp\/v2\/types\/post"}],"author":[{"embeddable":true,"href":"https:\/\/www.egemtv.com\/index.php?rest_route=\/wp\/v2\/users\/1"}],"replies":[{"embeddable":true,"href":"https:\/\/www.egemtv.com\/index.php?rest_route=%2Fwp%2Fv2%2Fcomments&post=49429"}],"version-history":[{"count":1,"href":"https:\/\/www.egemtv.com\/index.php?rest_route=\/wp\/v2\/posts\/49429\/revisions"}],"predecessor-version":[{"id":49431,"href":"https:\/\/www.egemtv.com\/index.php?rest_route=\/wp\/v2\/posts\/49429\/revisions\/49431"}],"wp:featuredmedia":[{"embeddable":true,"href":"https:\/\/www.egemtv.com\/index.php?rest_route=\/wp\/v2\/media\/49430"}],"wp:attachment":[{"href":"https:\/\/www.egemtv.com\/index.php?rest_route=%2Fwp%2Fv2%2Fmedia&parent=49429"}],"wp:term":[{"taxonomy":"category","embeddable":true,"href":"https:\/\/www.egemtv.com\/index.php?rest_route=%2Fwp%2Fv2%2Fcategories&post=49429"},{"taxonomy":"post_tag","embeddable":true,"href":"https:\/\/www.egemtv.com\/index.php?rest_route=%2Fwp%2Fv2%2Ftags&post=49429"}],"curies":[{"name":"wp","href":"https:\/\/api.w.org\/{rel}","templated":true}]}}