{"id":49426,"date":"2025-08-17T19:35:47","date_gmt":"2025-08-17T16:35:47","guid":{"rendered":"https:\/\/www.egemtv.com\/?p=49426"},"modified":"2025-08-17T19:35:48","modified_gmt":"2025-08-17T16:35:48","slug":"seki-yagli-pehlivan-gureslerinde-pehlivanlar-boy-gosterdi","status":"publish","type":"post","link":"https:\/\/www.egemtv.com\/?p=49426","title":{"rendered":"Seki Ya\u011fl\u0131 Pehlivan G\u00fcre\u015fleri\u2019nde pehlivanlar boy g\u00f6sterdi"},"content":{"rendered":"<p>Mu\u011fla\u2019n\u0131n Seydikemer il\u00e7esi, geleneksel hale gelen Seki Ya\u011fl\u0131 Pehlivan G\u00fcre\u015fleri\u2019nin 32. y\u0131l\u0131na ev sahipli\u011fi yaparken, Seki \u00c7ay\u0131r\u0131\u2019nda d\u00fczenlenen organizasyona g\u00fcre\u015fseverler yo\u011fun ilgi g\u00f6sterdi.<\/p>\n<p>T\u00fcrkiye\u2019nin d\u00f6rt bir yan\u0131ndan gelen g\u00fcre\u015f\u00e7iler, Seydikemer er meydan\u0131nda k\u0131yas\u0131ya m\u00fccadele etti. Organizasyon, hem g\u00fcre\u015f sporunu ya\u015fatmas\u0131 hem de yerel k\u00fclt\u00fcr\u00fc desteklemesi a\u00e7\u0131s\u0131ndan takdir toplad\u0131. Bu y\u0131lki etkinlik, 65\u2019i ba\u015fpehlivan olmak \u00fczere, miniklerden b\u00fcy\u00fck orta boyuna kadar farkl\u0131 kategorilerde binden fazla pehlivan\u0131 a\u011f\u0131rlad\u0131. Seydikemer Belediye Ba\u015fkan\u0131 B. \u00d6nder Akdenizli, g\u00fcre\u015flerin sadece bir spor etkinli\u011fi de\u011fil, ayn\u0131 zamanda k\u00fclt\u00fcrel bir miras oldu\u011funu vurgulad\u0131. Akdenizli\u2019nin, \u2019K\u0131rkp\u0131nar\u2019\u0131n r\u00f6van\u015f\u0131\u2019 olarak nitelendirdi\u011fi m\u00fcsabakalar, g\u00fcre\u015f d\u00fcnyas\u0131n\u0131n \u00f6nemli ba\u015fpehlivanlar\u0131n\u0131 tekrar kar\u015f\u0131 kar\u015f\u0131ya getirdi. Bu kar\u015f\u0131la\u015fmalar, g\u00fcre\u015fseverlere unutulmaz anlar ya\u015fatt\u0131. G\u00fcre\u015fler \u00f6ncesinde d\u00fczenlenen m\u00fczik konserleri ise etkinli\u011fe festival havas\u0131 katt\u0131. \u00dcnl\u00fc sanat\u00e7\u0131 Ali\u015fan\u2019\u0131n verdi\u011fi muhte\u015fem konserle Seydikemer halk\u0131, g\u00fcre\u015f heyecan\u0131ndan \u00f6nce m\u00fczik ziyafetiyle co\u015fkulu bir hafta sonu ge\u00e7irdi.<br \/><\/p>\n","protected":false},"excerpt":{"rendered":"<p>Mu\u011fla\u2019n\u0131n Seydikemer il\u00e7esi, geleneksel hale gelen Seki Ya\u011fl\u0131 Pehlivan G\u00fcre\u015fleri\u2019nin 32. y\u0131l\u0131na ev sahipli\u011fi yaparken, Seki \u00c7ay\u0131r\u0131\u2019nda d\u00fczenlenen organizasyona g\u00fcre\u015fseverler yo\u011fun ilgi g\u00f6sterdi. T\u00fcrkiye\u2019nin d\u00f6rt bir yan\u0131ndan gelen g\u00fcre\u015f\u00e7iler, Seydikemer er meydan\u0131nda k\u0131yas\u0131ya m\u00fccadele etti. Organizasyon, hem g\u00fcre\u015f sporunu ya\u015fatmas\u0131 hem de yerel k\u00fclt\u00fcr\u00fc desteklemesi a\u00e7\u0131s\u0131ndan takdir toplad\u0131. Bu y\u0131lki etkinlik, 65\u2019i ba\u015fpehlivan olmak \u00fczere,&#8230;<\/p>\n","protected":false},"author":1,"featured_media":49427,"comment_status":"open","ping_status":"open","sticky":false,"template":"","format":"standard","meta":{"_crdt_document":"","footnotes":""},"categories":[1],"tags":[],"class_list":["post-49426","post","type-post","status-publish","format-standard","has-post-thumbnail","hentry","category-guncel"],"_links":{"self":[{"href":"https:\/\/www.egemtv.com\/index.php?rest_route=\/wp\/v2\/posts\/49426","targetHints":{"allow":["GET"]}}],"collection":[{"href":"https:\/\/www.egemtv.com\/index.php?rest_route=\/wp\/v2\/posts"}],"about":[{"href":"https:\/\/www.egemtv.com\/index.php?rest_route=\/wp\/v2\/types\/post"}],"author":[{"embeddable":true,"href":"https:\/\/www.egemtv.com\/index.php?rest_route=\/wp\/v2\/users\/1"}],"replies":[{"embeddable":true,"href":"https:\/\/www.egemtv.com\/index.php?rest_route=%2Fwp%2Fv2%2Fcomments&post=49426"}],"version-history":[{"count":1,"href":"https:\/\/www.egemtv.com\/index.php?rest_route=\/wp\/v2\/posts\/49426\/revisions"}],"predecessor-version":[{"id":49428,"href":"https:\/\/www.egemtv.com\/index.php?rest_route=\/wp\/v2\/posts\/49426\/revisions\/49428"}],"wp:featuredmedia":[{"embeddable":true,"href":"https:\/\/www.egemtv.com\/index.php?rest_route=\/wp\/v2\/media\/49427"}],"wp:attachment":[{"href":"https:\/\/www.egemtv.com\/index.php?rest_route=%2Fwp%2Fv2%2Fmedia&parent=49426"}],"wp:term":[{"taxonomy":"category","embeddable":true,"href":"https:\/\/www.egemtv.com\/index.php?rest_route=%2Fwp%2Fv2%2Fcategories&post=49426"},{"taxonomy":"post_tag","embeddable":true,"href":"https:\/\/www.egemtv.com\/index.php?rest_route=%2Fwp%2Fv2%2Ftags&post=49426"}],"curies":[{"name":"wp","href":"https:\/\/api.w.org\/{rel}","templated":true}]}}