{"id":49423,"date":"2025-08-17T18:14:43","date_gmt":"2025-08-17T15:14:43","guid":{"rendered":"https:\/\/www.egemtv.com\/?p=49423"},"modified":"2025-08-17T18:14:43","modified_gmt":"2025-08-17T15:14:43","slug":"viraja-hizli-giren-minibus-sarampole-devrildi-1-yarali","status":"publish","type":"post","link":"https:\/\/www.egemtv.com\/?p=49423","title":{"rendered":"Viraja h\u0131zl\u0131 giren minib\u00fcs \u015farampole devrildi: 1 yaral\u0131"},"content":{"rendered":"<p>Burdur\u2019un G\u00f6lhisar il\u00e7esi Ac\u0131payam karayolunda viraja h\u0131zl\u0131 giren minib\u00fcs\u00fcn \u015farampole devrilmesi sonucu 1 ki\u015fi yaraland\u0131.<br \/>\n<br \/>Kaza, saat 11.00 s\u0131ralar\u0131nda G\u00f6lhisar il\u00e7esi Yusuf\u00e7a beldesi G\u00f6lhisar-Ac\u0131payam karayolunun 7\u2019inci kilometresinde meydana geldi. Edinilen bilgilere g\u00f6re, Ali\u015fan A. (58) idaresindeki 64 ACH 020 plakal\u0131 Volkswagen marka minib\u00fcs, viraja h\u0131zl\u0131 girmesi sebebiyle kontrolden \u00e7\u0131karak \u015farampole devrildi. Kazada s\u00fcr\u00fcc\u00fc Ali\u015fan A. yaraland\u0131. \u00c7evredekilerin 112 Acil \u00c7a\u011fr\u0131 Merkezine ihbar\u0131 \u00fczerine olay yerine sa\u011fl\u0131k ve jandarma ekipleri sevk edildi. Olay yerine gelen sa\u011fl\u0131k ekiplerinin ilk m\u00fcdahalesinin ard\u0131ndan yaral\u0131 s\u00fcr\u00fcc\u00fc, ambulansla G\u00f6lhisar Devlet Hastanesi\u2019ne kald\u0131r\u0131ld\u0131. Yaral\u0131n\u0131n sa\u011fl\u0131k durumunun iyi oldu\u011fu \u00f6\u011frenilirken, ara\u00e7ta ba\u015fka yolcu bulunmad\u0131\u011f\u0131 bildirildi. Minib\u00fcs \u00e7ekici yard\u0131m\u0131yla yoldan kald\u0131r\u0131ld\u0131.<br \/><\/p>\n","protected":false},"excerpt":{"rendered":"<p>Burdur\u2019un G\u00f6lhisar il\u00e7esi Ac\u0131payam karayolunda viraja h\u0131zl\u0131 giren minib\u00fcs\u00fcn \u015farampole devrilmesi sonucu 1 ki\u015fi yaraland\u0131. Kaza, saat 11.00 s\u0131ralar\u0131nda G\u00f6lhisar il\u00e7esi Yusuf\u00e7a beldesi G\u00f6lhisar-Ac\u0131payam karayolunun 7\u2019inci kilometresinde meydana geldi. Edinilen bilgilere g\u00f6re, Ali\u015fan A. (58) idaresindeki 64 ACH 020 plakal\u0131 Volkswagen marka minib\u00fcs, viraja h\u0131zl\u0131 girmesi sebebiyle kontrolden \u00e7\u0131karak \u015farampole devrildi. Kazada s\u00fcr\u00fcc\u00fc Ali\u015fan A&#8230;.<\/p>\n","protected":false},"author":1,"featured_media":49424,"comment_status":"open","ping_status":"open","sticky":false,"template":"","format":"standard","meta":{"_crdt_document":"","footnotes":""},"categories":[5],"tags":[],"class_list":["post-49423","post","type-post","status-publish","format-standard","has-post-thumbnail","hentry","category-asayis"],"_links":{"self":[{"href":"https:\/\/www.egemtv.com\/index.php?rest_route=\/wp\/v2\/posts\/49423","targetHints":{"allow":["GET"]}}],"collection":[{"href":"https:\/\/www.egemtv.com\/index.php?rest_route=\/wp\/v2\/posts"}],"about":[{"href":"https:\/\/www.egemtv.com\/index.php?rest_route=\/wp\/v2\/types\/post"}],"author":[{"embeddable":true,"href":"https:\/\/www.egemtv.com\/index.php?rest_route=\/wp\/v2\/users\/1"}],"replies":[{"embeddable":true,"href":"https:\/\/www.egemtv.com\/index.php?rest_route=%2Fwp%2Fv2%2Fcomments&post=49423"}],"version-history":[{"count":1,"href":"https:\/\/www.egemtv.com\/index.php?rest_route=\/wp\/v2\/posts\/49423\/revisions"}],"predecessor-version":[{"id":49425,"href":"https:\/\/www.egemtv.com\/index.php?rest_route=\/wp\/v2\/posts\/49423\/revisions\/49425"}],"wp:featuredmedia":[{"embeddable":true,"href":"https:\/\/www.egemtv.com\/index.php?rest_route=\/wp\/v2\/media\/49424"}],"wp:attachment":[{"href":"https:\/\/www.egemtv.com\/index.php?rest_route=%2Fwp%2Fv2%2Fmedia&parent=49423"}],"wp:term":[{"taxonomy":"category","embeddable":true,"href":"https:\/\/www.egemtv.com\/index.php?rest_route=%2Fwp%2Fv2%2Fcategories&post=49423"},{"taxonomy":"post_tag","embeddable":true,"href":"https:\/\/www.egemtv.com\/index.php?rest_route=%2Fwp%2Fv2%2Ftags&post=49423"}],"curies":[{"name":"wp","href":"https:\/\/api.w.org\/{rel}","templated":true}]}}