{"id":49420,"date":"2025-08-17T17:14:55","date_gmt":"2025-08-17T14:14:55","guid":{"rendered":"https:\/\/www.egemtv.com\/?p=49420"},"modified":"2025-08-17T17:14:56","modified_gmt":"2025-08-17T14:14:56","slug":"yaz-kuran-kursu-ogrencilerinden-gazzeye-anlamli-destek","status":"publish","type":"post","link":"https:\/\/www.egemtv.com\/?p=49420","title":{"rendered":"Yaz Kur\u2019an Kursu \u00f6\u011frencilerinden Gazze\u2019ye anlaml\u0131 destek"},"content":{"rendered":"<p>Ayd\u0131n\u2019\u0131n Germencik il\u00e7esinde Merkez Yaz Kur\u2019an Kursu \u00f6\u011frencileri, kurs boyunca kumbaralar\u0131nda biriktirdikleri har\u00e7l\u0131klar\u0131 Gazze\u2019ye ula\u015ft\u0131r\u0131lmas\u0131 i\u00e7in \u0130l\u00e7e M\u00fcft\u00fcl\u00fc\u011f\u00fc\u2019ne teslim etti.<\/p>\n<p>Germencik il\u00e7esinde Yaz Kur\u2019an Kursu\u2019nda e\u011fitim alan \u00f6\u011frenciler kendi har\u00e7l\u0131klar\u0131n\u0131 biriktirerek ihtiya\u00e7 sahibi \u00e7ocuklara destek olmak i\u00e7in Kurs \u00f6\u011freticisi Esra Sar\u0131can \u00f6nc\u00fcl\u00fc\u011f\u00fcnde y\u00fcr\u00fct\u00fclen kampanya kapsam\u0131nda ba\u011f\u0131\u015f yapt\u0131. \u0130l\u00e7e M\u00fcft\u00fcs\u00fc Selman Co\u015fkun makam\u0131nda a\u011f\u0131rlad\u0131\u011f\u0131 kurs \u00f6\u011freticisi ve \u00f6\u011frencilere te\u015fekk\u00fcr ederek, &#8220;K\u00fc\u00e7\u00fck ya\u015fta payla\u015fman\u0131n ve yard\u0131mla\u015fman\u0131n g\u00fczelli\u011fini \u00f6\u011frenen evlatlar\u0131m\u0131zla gurur duyuyoruz. Bu anlaml\u0131 davran\u0131\u015f, milletimizin duyarl\u0131l\u0131\u011f\u0131n\u0131 ve g\u00f6n\u00fcl zenginli\u011fini ortaya koyuyor&#8221; dedi.<br \/><\/p>\n","protected":false},"excerpt":{"rendered":"<p>Ayd\u0131n\u2019\u0131n Germencik il\u00e7esinde Merkez Yaz Kur\u2019an Kursu \u00f6\u011frencileri, kurs boyunca kumbaralar\u0131nda biriktirdikleri har\u00e7l\u0131klar\u0131 Gazze\u2019ye ula\u015ft\u0131r\u0131lmas\u0131 i\u00e7in \u0130l\u00e7e M\u00fcft\u00fcl\u00fc\u011f\u00fc\u2019ne teslim etti. Germencik il\u00e7esinde Yaz Kur\u2019an Kursu\u2019nda e\u011fitim alan \u00f6\u011frenciler kendi har\u00e7l\u0131klar\u0131n\u0131 biriktirerek ihtiya\u00e7 sahibi \u00e7ocuklara destek olmak i\u00e7in Kurs \u00f6\u011freticisi Esra Sar\u0131can \u00f6nc\u00fcl\u00fc\u011f\u00fcnde y\u00fcr\u00fct\u00fclen kampanya kapsam\u0131nda ba\u011f\u0131\u015f yapt\u0131. \u0130l\u00e7e M\u00fcft\u00fcs\u00fc Selman Co\u015fkun makam\u0131nda a\u011f\u0131rlad\u0131\u011f\u0131 kurs \u00f6\u011freticisi&#8230;<\/p>\n","protected":false},"author":1,"featured_media":49421,"comment_status":"open","ping_status":"open","sticky":false,"template":"","format":"standard","meta":{"_crdt_document":"","footnotes":""},"categories":[1],"tags":[],"class_list":["post-49420","post","type-post","status-publish","format-standard","has-post-thumbnail","hentry","category-guncel"],"_links":{"self":[{"href":"https:\/\/www.egemtv.com\/index.php?rest_route=\/wp\/v2\/posts\/49420","targetHints":{"allow":["GET"]}}],"collection":[{"href":"https:\/\/www.egemtv.com\/index.php?rest_route=\/wp\/v2\/posts"}],"about":[{"href":"https:\/\/www.egemtv.com\/index.php?rest_route=\/wp\/v2\/types\/post"}],"author":[{"embeddable":true,"href":"https:\/\/www.egemtv.com\/index.php?rest_route=\/wp\/v2\/users\/1"}],"replies":[{"embeddable":true,"href":"https:\/\/www.egemtv.com\/index.php?rest_route=%2Fwp%2Fv2%2Fcomments&post=49420"}],"version-history":[{"count":1,"href":"https:\/\/www.egemtv.com\/index.php?rest_route=\/wp\/v2\/posts\/49420\/revisions"}],"predecessor-version":[{"id":49422,"href":"https:\/\/www.egemtv.com\/index.php?rest_route=\/wp\/v2\/posts\/49420\/revisions\/49422"}],"wp:featuredmedia":[{"embeddable":true,"href":"https:\/\/www.egemtv.com\/index.php?rest_route=\/wp\/v2\/media\/49421"}],"wp:attachment":[{"href":"https:\/\/www.egemtv.com\/index.php?rest_route=%2Fwp%2Fv2%2Fmedia&parent=49420"}],"wp:term":[{"taxonomy":"category","embeddable":true,"href":"https:\/\/www.egemtv.com\/index.php?rest_route=%2Fwp%2Fv2%2Fcategories&post=49420"},{"taxonomy":"post_tag","embeddable":true,"href":"https:\/\/www.egemtv.com\/index.php?rest_route=%2Fwp%2Fv2%2Ftags&post=49420"}],"curies":[{"name":"wp","href":"https:\/\/api.w.org\/{rel}","templated":true}]}}