{"id":49417,"date":"2025-08-17T17:14:55","date_gmt":"2025-08-17T14:14:55","guid":{"rendered":"https:\/\/www.egemtv.com\/?p=49417"},"modified":"2025-08-17T17:14:55","modified_gmt":"2025-08-17T14:14:55","slug":"sollamak-istedigi-otobuse-carpip-tarlaya-uctu-1i-agir-3-kisi-yaralandi","status":"publish","type":"post","link":"https:\/\/www.egemtv.com\/?p=49417","title":{"rendered":"Sollamak istedi\u011fi otob\u00fcse \u00e7arp\u0131p tarlaya u\u00e7tu, 1\u2019i a\u011f\u0131r 3 ki\u015fi yaraland\u0131"},"content":{"rendered":"<p>Burdur\u2019un Bucak il\u00e7esi Burdur-Antalya karayolunda yolcu otob\u00fcs\u00fcn\u00fc sollay\u0131p tekrar sa\u011f \u015feride ge\u00e7mek isterken otob\u00fcse \u00e7arp\u0131p tarlaya u\u00e7an otomobilde 1\u2019i a\u011f\u0131r 3 ki\u015fi yaraland\u0131.<br \/>\n<br \/>Kaza saat 13.05 s\u0131ralar\u0131nda Burdur\u2019un Bucak il\u00e7esi Burdur-Antalya karayolunda meydana geldi. Edinilen bilgilere g\u00f6re \u0130smahan D.(39) idaresindeki 15 ACS 900 plakal\u0131 otomobil Antalya istikametinden Bucak istikametine seyir halinde iken \u00f6n\u00fcnde seyreden Emre K.(35) idaresindeki 34 ARB 421 plakal\u0131 yolcu otob\u00fcs\u00fcn\u00fc sollamak i\u00e7in sol \u015feride ge\u00e7ip daha sonra tekrar sa\u011f \u015feride ge\u00e7mek isterken otob\u00fcs\u00fcn sol \u00f6n k\u0131sm\u0131na \u00e7arparak tarlaya u\u00e7tu. Kazada otomobil s\u00fcr\u00fcc\u00fcs\u00fc \u0130smahan D. ve ayn\u0131 ara\u00e7ta yolcu olarak bulunan Elif K. hafif yaralan\u0131rken bir di\u011fer yolcu 13 ya\u015f\u0131ndaki Berru D. a\u011f\u0131r yaraland\u0131.<br \/>\n<br \/>\u00c7evredekilerin 112 Acil \u00c7a\u011fr\u0131 Merkezine ihbar\u0131 \u00fczerine b\u00f6lgeye sa\u011fl\u0131k ve polis ekipleri sevk edildi. Olay yerine gelen sa\u011fl\u0131k ekiplerinin ilk m\u00fcdahalesinin ard\u0131nda yaral\u0131lar ambulans ile Bucak Devlet Hastanesi\u2019ne kald\u0131r\u0131ld\u0131.  Berru D.\u2019nin hayati tehlikesinin bulundu\u011fu \u00f6\u011frenilirken yolcu otob\u00fcs\u00fc \u015fof\u00f6r\u00fc Emre K. ifadesi al\u0131nmak \u00fczere polis merkezine g\u00f6t\u00fcr\u00fcld\u00fc. Otob\u00fcs ise yedek \u015fof\u00f6r ile yoluna devam etti. Kaza ile ilgili inceleme ba\u015flat\u0131ld\u0131.<br \/><\/p>\n","protected":false},"excerpt":{"rendered":"<p>Burdur\u2019un Bucak il\u00e7esi Burdur-Antalya karayolunda yolcu otob\u00fcs\u00fcn\u00fc sollay\u0131p tekrar sa\u011f \u015feride ge\u00e7mek isterken otob\u00fcse \u00e7arp\u0131p tarlaya u\u00e7an otomobilde 1\u2019i a\u011f\u0131r 3 ki\u015fi yaraland\u0131. Kaza saat 13.05 s\u0131ralar\u0131nda Burdur\u2019un Bucak il\u00e7esi Burdur-Antalya karayolunda meydana geldi. Edinilen bilgilere g\u00f6re \u0130smahan D.(39) idaresindeki 15 ACS 900 plakal\u0131 otomobil Antalya istikametinden Bucak istikametine seyir halinde iken \u00f6n\u00fcnde seyreden Emre&#8230;<\/p>\n","protected":false},"author":1,"featured_media":49418,"comment_status":"open","ping_status":"open","sticky":false,"template":"","format":"standard","meta":{"_crdt_document":"","footnotes":""},"categories":[5],"tags":[],"class_list":["post-49417","post","type-post","status-publish","format-standard","has-post-thumbnail","hentry","category-asayis"],"_links":{"self":[{"href":"https:\/\/www.egemtv.com\/index.php?rest_route=\/wp\/v2\/posts\/49417","targetHints":{"allow":["GET"]}}],"collection":[{"href":"https:\/\/www.egemtv.com\/index.php?rest_route=\/wp\/v2\/posts"}],"about":[{"href":"https:\/\/www.egemtv.com\/index.php?rest_route=\/wp\/v2\/types\/post"}],"author":[{"embeddable":true,"href":"https:\/\/www.egemtv.com\/index.php?rest_route=\/wp\/v2\/users\/1"}],"replies":[{"embeddable":true,"href":"https:\/\/www.egemtv.com\/index.php?rest_route=%2Fwp%2Fv2%2Fcomments&post=49417"}],"version-history":[{"count":1,"href":"https:\/\/www.egemtv.com\/index.php?rest_route=\/wp\/v2\/posts\/49417\/revisions"}],"predecessor-version":[{"id":49419,"href":"https:\/\/www.egemtv.com\/index.php?rest_route=\/wp\/v2\/posts\/49417\/revisions\/49419"}],"wp:featuredmedia":[{"embeddable":true,"href":"https:\/\/www.egemtv.com\/index.php?rest_route=\/wp\/v2\/media\/49418"}],"wp:attachment":[{"href":"https:\/\/www.egemtv.com\/index.php?rest_route=%2Fwp%2Fv2%2Fmedia&parent=49417"}],"wp:term":[{"taxonomy":"category","embeddable":true,"href":"https:\/\/www.egemtv.com\/index.php?rest_route=%2Fwp%2Fv2%2Fcategories&post=49417"},{"taxonomy":"post_tag","embeddable":true,"href":"https:\/\/www.egemtv.com\/index.php?rest_route=%2Fwp%2Fv2%2Ftags&post=49417"}],"curies":[{"name":"wp","href":"https:\/\/api.w.org\/{rel}","templated":true}]}}