{"id":49414,"date":"2025-08-17T16:14:44","date_gmt":"2025-08-17T13:14:44","guid":{"rendered":"https:\/\/www.egemtv.com\/?p=49414"},"modified":"2025-08-17T16:14:44","modified_gmt":"2025-08-17T13:14:44","slug":"izmir-aciklarinda-115-duzensiz-gocmen-yakalandi","status":"publish","type":"post","link":"https:\/\/www.egemtv.com\/?p=49414","title":{"rendered":"\u0130zmir a\u00e7\u0131klar\u0131nda 115 d\u00fczensiz g\u00f6\u00e7men yakaland\u0131"},"content":{"rendered":"<p>\u0130zmir\u2019in Urla il\u00e7esi a\u00e7\u0131klar\u0131nda yasa d\u0131\u015f\u0131 yollarla yurt d\u0131\u015f\u0131na \u00e7\u0131kma giri\u015fiminde bulunan 50\u2019si \u00e7ocuk 65 d\u00fczensiz g\u00f6\u00e7men ve 2 g\u00f6\u00e7men ka\u00e7ak\u00e7\u0131s\u0131 \u015f\u00fcphelisi yakaland\u0131.<br \/>\n<br \/>Urla il\u00e7esi a\u00e7\u0131klar\u0131nda 15 A\u011fustos g\u00fcn\u00fc saat 08.40\u2019ta, Sahil G\u00fcvenlik \u0130nsans\u0131z Hava Arac\u0131 taraf\u0131ndan yelkenli tekne i\u00e7erisinde bir grup d\u00fczensiz g\u00f6\u00e7men oldu\u011fu tespit edildi. Harekete ge\u00e7en Sahil G\u00fcvenlik Botlar\u0131 (TCSG-30, TCSG-24, KB-22, KB-38) taraf\u0131ndan \u0130talya rotas\u0131 \u00fczerinde bulunan hareketli yelkenli tekne durdurularak i\u00e7erisindeki 50\u2019si \u00e7ocuk 65 d\u00fczensiz g\u00f6\u00e7men ve 2 g\u00f6\u00e7men ka\u00e7ak\u00e7\u0131s\u0131 \u015f\u00fcphelisi yakaland\u0131. D\u00fczensiz g\u00f6\u00e7menler, i\u015flemlerin ard\u0131ndan \u0130l G\u00f6\u00e7 \u0130daresi M\u00fcd\u00fcrl\u00fc\u011f\u00fc\u2019ne teslim edildi.<br \/><\/p>\n","protected":false},"excerpt":{"rendered":"<p>\u0130zmir\u2019in Urla il\u00e7esi a\u00e7\u0131klar\u0131nda yasa d\u0131\u015f\u0131 yollarla yurt d\u0131\u015f\u0131na \u00e7\u0131kma giri\u015fiminde bulunan 50\u2019si \u00e7ocuk 65 d\u00fczensiz g\u00f6\u00e7men ve 2 g\u00f6\u00e7men ka\u00e7ak\u00e7\u0131s\u0131 \u015f\u00fcphelisi yakaland\u0131. Urla il\u00e7esi a\u00e7\u0131klar\u0131nda 15 A\u011fustos g\u00fcn\u00fc saat 08.40\u2019ta, Sahil G\u00fcvenlik \u0130nsans\u0131z Hava Arac\u0131 taraf\u0131ndan yelkenli tekne i\u00e7erisinde bir grup d\u00fczensiz g\u00f6\u00e7men oldu\u011fu tespit edildi. Harekete ge\u00e7en Sahil G\u00fcvenlik Botlar\u0131 (TCSG-30, TCSG-24, KB-22,&#8230;<\/p>\n","protected":false},"author":1,"featured_media":49415,"comment_status":"open","ping_status":"open","sticky":false,"template":"","format":"standard","meta":{"_crdt_document":"","footnotes":""},"categories":[5],"tags":[],"class_list":["post-49414","post","type-post","status-publish","format-standard","has-post-thumbnail","hentry","category-asayis"],"_links":{"self":[{"href":"https:\/\/www.egemtv.com\/index.php?rest_route=\/wp\/v2\/posts\/49414","targetHints":{"allow":["GET"]}}],"collection":[{"href":"https:\/\/www.egemtv.com\/index.php?rest_route=\/wp\/v2\/posts"}],"about":[{"href":"https:\/\/www.egemtv.com\/index.php?rest_route=\/wp\/v2\/types\/post"}],"author":[{"embeddable":true,"href":"https:\/\/www.egemtv.com\/index.php?rest_route=\/wp\/v2\/users\/1"}],"replies":[{"embeddable":true,"href":"https:\/\/www.egemtv.com\/index.php?rest_route=%2Fwp%2Fv2%2Fcomments&post=49414"}],"version-history":[{"count":1,"href":"https:\/\/www.egemtv.com\/index.php?rest_route=\/wp\/v2\/posts\/49414\/revisions"}],"predecessor-version":[{"id":49416,"href":"https:\/\/www.egemtv.com\/index.php?rest_route=\/wp\/v2\/posts\/49414\/revisions\/49416"}],"wp:featuredmedia":[{"embeddable":true,"href":"https:\/\/www.egemtv.com\/index.php?rest_route=\/wp\/v2\/media\/49415"}],"wp:attachment":[{"href":"https:\/\/www.egemtv.com\/index.php?rest_route=%2Fwp%2Fv2%2Fmedia&parent=49414"}],"wp:term":[{"taxonomy":"category","embeddable":true,"href":"https:\/\/www.egemtv.com\/index.php?rest_route=%2Fwp%2Fv2%2Fcategories&post=49414"},{"taxonomy":"post_tag","embeddable":true,"href":"https:\/\/www.egemtv.com\/index.php?rest_route=%2Fwp%2Fv2%2Ftags&post=49414"}],"curies":[{"name":"wp","href":"https:\/\/api.w.org\/{rel}","templated":true}]}}