{"id":49411,"date":"2025-08-17T15:34:58","date_gmt":"2025-08-17T12:34:58","guid":{"rendered":"https:\/\/www.egemtv.com\/?p=49411"},"modified":"2025-08-17T15:34:59","modified_gmt":"2025-08-17T12:34:59","slug":"didimde-gorev-yeri-degisen-sube-mudurlerine-veda-yemegi","status":"publish","type":"post","link":"https:\/\/www.egemtv.com\/?p=49411","title":{"rendered":"Didim\u2019de g\u00f6rev yeri de\u011fi\u015fen \u015fube m\u00fcd\u00fcrlerine veda yeme\u011fi"},"content":{"rendered":"<p>Didim \u0130l\u00e7e Milli E\u011fitim M\u00fcd\u00fcrl\u00fc\u011f\u00fc g\u00f6rev yeri de\u011fi\u015fen \u015eube M\u00fcd\u00fcrleri Mustafa Ayd\u0131n ve \u00dcmit Kale i\u00e7in veda program\u0131 d\u00fczenledi.<\/p>\n<p>Didim \u0130l\u00e7e Milli E\u011fitim M\u00fcd\u00fcrl\u00fc\u011f\u00fc taraf\u0131ndan organize edilen veda yeme\u011finde, \u0130l\u00e7e Milli E\u011fitim M\u00fcd\u00fcr\u00fc \u015eakir Sait \u00dcst\u00fcnda\u011f \u015fube m\u00fcd\u00fcrlerine plaket ve belge takdiminde bulundu. \u00dcst\u00fcnda\u011f, il\u00e7edeki e\u011fitim faaliyetlerine sunduklar\u0131 katk\u0131lardan dolay\u0131 Ayd\u0131n ve Kale\u2019ye te\u015fekk\u00fcr ederek yeni g\u00f6revlerinde ba\u015far\u0131lar diledi. Didim Milli E\u011fitim M\u00fcd\u00fcrl\u00fc\u011f\u00fc\u2019n\u00fcn sosyal medya hesab\u0131ndan yap\u0131lan payla\u015f\u0131mda da, &#8220;G\u00f6rev yerleri de\u011fi\u015fen \u015eube M\u00fcd\u00fcrlerimiz Mustafa Ayd\u0131n ve \u00dcmit Kale\u2019ye Didim \u0130l\u00e7e Milli E\u011fitim M\u00fcd\u00fcrl\u00fc\u011f\u00fc ailesi olarak veda yeme\u011fi etkinli\u011fi organize edildi. Etkinlikte \u0130l\u00e7e Milli E\u011fitim M\u00fcd\u00fcr\u00fcm\u00fcz \u015eakir Sait \u00dcst\u00fcnda\u011f, \u015fube m\u00fcd\u00fcrlerimize plaket ve belge takdimi yaparak il\u00e7emiz e\u011fitimine sunduklar\u0131 katk\u0131lardan dolay\u0131 te\u015fekk\u00fcr ettiler ve yeni g\u00f6revlerinde ba\u015far\u0131lar diledi&#8221; ifadelerine yer verildi.<br \/><\/p>\n","protected":false},"excerpt":{"rendered":"<p>Didim \u0130l\u00e7e Milli E\u011fitim M\u00fcd\u00fcrl\u00fc\u011f\u00fc g\u00f6rev yeri de\u011fi\u015fen \u015eube M\u00fcd\u00fcrleri Mustafa Ayd\u0131n ve \u00dcmit Kale i\u00e7in veda program\u0131 d\u00fczenledi. Didim \u0130l\u00e7e Milli E\u011fitim M\u00fcd\u00fcrl\u00fc\u011f\u00fc taraf\u0131ndan organize edilen veda yeme\u011finde, \u0130l\u00e7e Milli E\u011fitim M\u00fcd\u00fcr\u00fc \u015eakir Sait \u00dcst\u00fcnda\u011f \u015fube m\u00fcd\u00fcrlerine plaket ve belge takdiminde bulundu. \u00dcst\u00fcnda\u011f, il\u00e7edeki e\u011fitim faaliyetlerine sunduklar\u0131 katk\u0131lardan dolay\u0131 Ayd\u0131n ve Kale\u2019ye te\u015fekk\u00fcr ederek&#8230;<\/p>\n","protected":false},"author":1,"featured_media":49412,"comment_status":"open","ping_status":"open","sticky":false,"template":"","format":"standard","meta":{"_crdt_document":"","footnotes":""},"categories":[1],"tags":[],"class_list":["post-49411","post","type-post","status-publish","format-standard","has-post-thumbnail","hentry","category-guncel"],"_links":{"self":[{"href":"https:\/\/www.egemtv.com\/index.php?rest_route=\/wp\/v2\/posts\/49411","targetHints":{"allow":["GET"]}}],"collection":[{"href":"https:\/\/www.egemtv.com\/index.php?rest_route=\/wp\/v2\/posts"}],"about":[{"href":"https:\/\/www.egemtv.com\/index.php?rest_route=\/wp\/v2\/types\/post"}],"author":[{"embeddable":true,"href":"https:\/\/www.egemtv.com\/index.php?rest_route=\/wp\/v2\/users\/1"}],"replies":[{"embeddable":true,"href":"https:\/\/www.egemtv.com\/index.php?rest_route=%2Fwp%2Fv2%2Fcomments&post=49411"}],"version-history":[{"count":1,"href":"https:\/\/www.egemtv.com\/index.php?rest_route=\/wp\/v2\/posts\/49411\/revisions"}],"predecessor-version":[{"id":49413,"href":"https:\/\/www.egemtv.com\/index.php?rest_route=\/wp\/v2\/posts\/49411\/revisions\/49413"}],"wp:featuredmedia":[{"embeddable":true,"href":"https:\/\/www.egemtv.com\/index.php?rest_route=\/wp\/v2\/media\/49412"}],"wp:attachment":[{"href":"https:\/\/www.egemtv.com\/index.php?rest_route=%2Fwp%2Fv2%2Fmedia&parent=49411"}],"wp:term":[{"taxonomy":"category","embeddable":true,"href":"https:\/\/www.egemtv.com\/index.php?rest_route=%2Fwp%2Fv2%2Fcategories&post=49411"},{"taxonomy":"post_tag","embeddable":true,"href":"https:\/\/www.egemtv.com\/index.php?rest_route=%2Fwp%2Fv2%2Ftags&post=49411"}],"curies":[{"name":"wp","href":"https:\/\/api.w.org\/{rel}","templated":true}]}}