{"id":49408,"date":"2025-08-17T15:14:39","date_gmt":"2025-08-17T12:14:39","guid":{"rendered":"https:\/\/www.egemtv.com\/?p=49408"},"modified":"2025-08-17T15:14:40","modified_gmt":"2025-08-17T12:14:40","slug":"simavda-derya-bedavaci-ruzgari-esti","status":"publish","type":"post","link":"https:\/\/www.egemtv.com\/?p=49408","title":{"rendered":"Simav\u2019da Derya Bedavac\u0131 r\u00fczgar\u0131 esti"},"content":{"rendered":"<p>K\u00fctahya\u2019n\u0131n Simav il\u00e7esinde bu y\u0131l 92\u2019incisi d\u00fczenlenen Turizm ve Ticaret Panay\u0131r\u0131 etkinlikleri \u00e7er\u00e7evesinde sahne alan Derya Bedavac\u0131 \u015fark\u0131lar\u0131yla izleyenlere unutulmaz bir gece ya\u015fatt\u0131.<br \/>\n<br \/>T\u00fcrk m\u00fczi\u011finin g\u00fc\u00e7l\u00fc seslerinden Derya Bedavac\u0131, en sevilen \u015fark\u0131lar\u0131n\u0131 seslendirerek Leylekk\u00fcr\u00fc Fuar Alan\u0131n\u0131 dolduran binlerce ki\u015fiye unutulmaz anlar ya\u015fatt\u0131.<br \/>\n<br \/>Konserde, Derya Bedavac\u0131 sahne performans\u0131 ve \u015fark\u0131lar\u0131yla b\u00fcy\u00fck be\u011feni toplarken, konsere kat\u0131lan vatanda\u015flar sanat\u00e7\u0131ya yo\u011fun ilgi g\u00f6sterdi. Konser boyunca sanat\u00e7\u0131n\u0131n \u015fark\u0131lar\u0131na e\u015flik eden vatanda\u015flar unutulmaz bir gece ya\u015fad\u0131.<br \/><\/p>\n","protected":false},"excerpt":{"rendered":"<p>K\u00fctahya\u2019n\u0131n Simav il\u00e7esinde bu y\u0131l 92\u2019incisi d\u00fczenlenen Turizm ve Ticaret Panay\u0131r\u0131 etkinlikleri \u00e7er\u00e7evesinde sahne alan Derya Bedavac\u0131 \u015fark\u0131lar\u0131yla izleyenlere unutulmaz bir gece ya\u015fatt\u0131. T\u00fcrk m\u00fczi\u011finin g\u00fc\u00e7l\u00fc seslerinden Derya Bedavac\u0131, en sevilen \u015fark\u0131lar\u0131n\u0131 seslendirerek Leylekk\u00fcr\u00fc Fuar Alan\u0131n\u0131 dolduran binlerce ki\u015fiye unutulmaz anlar ya\u015fatt\u0131. Konserde, Derya Bedavac\u0131 sahne performans\u0131 ve \u015fark\u0131lar\u0131yla b\u00fcy\u00fck be\u011feni toplarken, konsere kat\u0131lan vatanda\u015flar&#8230;<\/p>\n","protected":false},"author":1,"featured_media":49409,"comment_status":"open","ping_status":"open","sticky":false,"template":"","format":"standard","meta":{"_crdt_document":"","footnotes":""},"categories":[1],"tags":[],"class_list":["post-49408","post","type-post","status-publish","format-standard","has-post-thumbnail","hentry","category-guncel"],"_links":{"self":[{"href":"https:\/\/www.egemtv.com\/index.php?rest_route=\/wp\/v2\/posts\/49408","targetHints":{"allow":["GET"]}}],"collection":[{"href":"https:\/\/www.egemtv.com\/index.php?rest_route=\/wp\/v2\/posts"}],"about":[{"href":"https:\/\/www.egemtv.com\/index.php?rest_route=\/wp\/v2\/types\/post"}],"author":[{"embeddable":true,"href":"https:\/\/www.egemtv.com\/index.php?rest_route=\/wp\/v2\/users\/1"}],"replies":[{"embeddable":true,"href":"https:\/\/www.egemtv.com\/index.php?rest_route=%2Fwp%2Fv2%2Fcomments&post=49408"}],"version-history":[{"count":1,"href":"https:\/\/www.egemtv.com\/index.php?rest_route=\/wp\/v2\/posts\/49408\/revisions"}],"predecessor-version":[{"id":49410,"href":"https:\/\/www.egemtv.com\/index.php?rest_route=\/wp\/v2\/posts\/49408\/revisions\/49410"}],"wp:featuredmedia":[{"embeddable":true,"href":"https:\/\/www.egemtv.com\/index.php?rest_route=\/wp\/v2\/media\/49409"}],"wp:attachment":[{"href":"https:\/\/www.egemtv.com\/index.php?rest_route=%2Fwp%2Fv2%2Fmedia&parent=49408"}],"wp:term":[{"taxonomy":"category","embeddable":true,"href":"https:\/\/www.egemtv.com\/index.php?rest_route=%2Fwp%2Fv2%2Fcategories&post=49408"},{"taxonomy":"post_tag","embeddable":true,"href":"https:\/\/www.egemtv.com\/index.php?rest_route=%2Fwp%2Fv2%2Ftags&post=49408"}],"curies":[{"name":"wp","href":"https:\/\/api.w.org\/{rel}","templated":true}]}}