{"id":49405,"date":"2025-08-17T15:14:39","date_gmt":"2025-08-17T12:14:39","guid":{"rendered":"https:\/\/www.egemtv.com\/?p=49405"},"modified":"2025-08-17T15:14:39","modified_gmt":"2025-08-17T12:14:39","slug":"cinede-kuran-i-kerime-gecen-ogrencilere-bisiklet-hediye-edildi","status":"publish","type":"post","link":"https:\/\/www.egemtv.com\/?p=49405","title":{"rendered":"\u00c7ine\u2019de Kur\u2019an-\u0131 Kerim\u2019e ge\u00e7en \u00f6\u011frencilere bisiklet hediye edildi"},"content":{"rendered":"<p>Ayd\u0131n\u2019\u0131n \u00c7ine il\u00e7esinde Kur\u2019an-\u0131 Kerim okumay\u0131 \u00f6\u011frenen \u00f6\u011frencilere bisiklet hediye edildi.<\/p>\n<p>Hac\u0131 Emin Camii\u2019nde ger\u00e7ekle\u015ftirilen programda Kur\u2019an-\u0131 Kerim\u2019e ge\u00e7en \u00f6\u011frencilere bisiklet hediye edildi. \u0130l\u00e7e Vaizi Kamil Kebap ve cami g\u00f6revlilerinin \u00f6nc\u00fcl\u00fc\u011f\u00fcnde d\u00fczenlenen programda, \u00f6\u011frencilere hay\u0131rsever vatanda\u015flar\u0131n deste\u011fiyle temin edilen bisikletler takdim edildi. Hediyelerini alan \u00f6\u011frencilerin sevin\u00e7leri y\u00fczlerine yans\u0131rken, aileler de \u00e7ocuklar\u0131n\u0131n bu ba\u015far\u0131lar\u0131n\u0131n \u00f6d\u00fcllendirilmesinden duyduklar\u0131 mutlulu\u011fu dile getirdi. Program\u0131n sonunda \u00f6\u011frencilere ba\u015far\u0131lar\u0131n\u0131n devam\u0131 temennisiyle dualar edilirken, eme\u011fi ge\u00e7en g\u00f6revlilere ve hay\u0131rseverlere de te\u015fekk\u00fcr edildi.<br \/><\/p>\n","protected":false},"excerpt":{"rendered":"<p>Ayd\u0131n\u2019\u0131n \u00c7ine il\u00e7esinde Kur\u2019an-\u0131 Kerim okumay\u0131 \u00f6\u011frenen \u00f6\u011frencilere bisiklet hediye edildi. Hac\u0131 Emin Camii\u2019nde ger\u00e7ekle\u015ftirilen programda Kur\u2019an-\u0131 Kerim\u2019e ge\u00e7en \u00f6\u011frencilere bisiklet hediye edildi. \u0130l\u00e7e Vaizi Kamil Kebap ve cami g\u00f6revlilerinin \u00f6nc\u00fcl\u00fc\u011f\u00fcnde d\u00fczenlenen programda, \u00f6\u011frencilere hay\u0131rsever vatanda\u015flar\u0131n deste\u011fiyle temin edilen bisikletler takdim edildi. Hediyelerini alan \u00f6\u011frencilerin sevin\u00e7leri y\u00fczlerine yans\u0131rken, aileler de \u00e7ocuklar\u0131n\u0131n bu ba\u015far\u0131lar\u0131n\u0131n \u00f6d\u00fcllendirilmesinden duyduklar\u0131&#8230;<\/p>\n","protected":false},"author":1,"featured_media":49406,"comment_status":"open","ping_status":"open","sticky":false,"template":"","format":"standard","meta":{"_crdt_document":"","footnotes":""},"categories":[1],"tags":[],"class_list":["post-49405","post","type-post","status-publish","format-standard","has-post-thumbnail","hentry","category-guncel"],"_links":{"self":[{"href":"https:\/\/www.egemtv.com\/index.php?rest_route=\/wp\/v2\/posts\/49405","targetHints":{"allow":["GET"]}}],"collection":[{"href":"https:\/\/www.egemtv.com\/index.php?rest_route=\/wp\/v2\/posts"}],"about":[{"href":"https:\/\/www.egemtv.com\/index.php?rest_route=\/wp\/v2\/types\/post"}],"author":[{"embeddable":true,"href":"https:\/\/www.egemtv.com\/index.php?rest_route=\/wp\/v2\/users\/1"}],"replies":[{"embeddable":true,"href":"https:\/\/www.egemtv.com\/index.php?rest_route=%2Fwp%2Fv2%2Fcomments&post=49405"}],"version-history":[{"count":1,"href":"https:\/\/www.egemtv.com\/index.php?rest_route=\/wp\/v2\/posts\/49405\/revisions"}],"predecessor-version":[{"id":49407,"href":"https:\/\/www.egemtv.com\/index.php?rest_route=\/wp\/v2\/posts\/49405\/revisions\/49407"}],"wp:featuredmedia":[{"embeddable":true,"href":"https:\/\/www.egemtv.com\/index.php?rest_route=\/wp\/v2\/media\/49406"}],"wp:attachment":[{"href":"https:\/\/www.egemtv.com\/index.php?rest_route=%2Fwp%2Fv2%2Fmedia&parent=49405"}],"wp:term":[{"taxonomy":"category","embeddable":true,"href":"https:\/\/www.egemtv.com\/index.php?rest_route=%2Fwp%2Fv2%2Fcategories&post=49405"},{"taxonomy":"post_tag","embeddable":true,"href":"https:\/\/www.egemtv.com\/index.php?rest_route=%2Fwp%2Fv2%2Ftags&post=49405"}],"curies":[{"name":"wp","href":"https:\/\/api.w.org\/{rel}","templated":true}]}}