{"id":49399,"date":"2025-08-17T14:14:59","date_gmt":"2025-08-17T11:14:59","guid":{"rendered":"https:\/\/www.egemtv.com\/?p=49399"},"modified":"2025-08-17T14:15:00","modified_gmt":"2025-08-17T11:15:00","slug":"baskan-gencay-cumartesi-pazarinda-vatandaslarla-bulustu","status":"publish","type":"post","link":"https:\/\/www.egemtv.com\/?p=49399","title":{"rendered":"Ba\u015fkan Gen\u00e7ay Cumartesi pazar\u0131nda vatanda\u015flarla bulu\u015ftu"},"content":{"rendered":"<p>Didim Belediye Ba\u015fkan\u0131 Hatice Gen\u00e7ay, il\u00e7ede her hafta kurulan Cumartesi Pazar\u0131\u2019n\u0131 ziyaret ederek halkla ve pazarc\u0131 esnaf\u0131yla bir araya geldi.<\/p>\n<p>Pazaryerinde s\u0131cak bir ilgiyle kar\u015f\u0131lanan Ba\u015fkan Gen\u00e7ay, tezgahlar\u0131 tek tek gezerek esnafa hay\u0131rl\u0131 i\u015fler ve bol kazan\u00e7lar diledi. Al\u0131\u015fveri\u015f yapan halkla da sohbet eden Gen\u00e7ay, pazar\u0131n i\u015fleyi\u015fi, fiyatlar ve genel durum hakk\u0131nda bilgi ald\u0131. Vatanda\u015flar\u0131n taleplerini dinleyen Gen\u00e7ay, \u00e7\u00f6z\u00fcm \u00f6nerilerini de not ederek, belediye olarak her zaman halk\u0131n yan\u0131nda olduklar\u0131n\u0131 vurgulad\u0131.<\/p>\n<p>Pazarc\u0131 esnaf\u0131, Ba\u015fkan Gen\u00e7ay\u2019a te\u015fekk\u00fcr ederek \u00f6zellikle pazar d\u00fczeni, temizlik ve ula\u015f\u0131m konular\u0131ndaki g\u00f6r\u00fc\u015flerini payla\u015ft\u0131. Vatanda\u015flar ise Ba\u015fkan\u2019\u0131n pazarda kendileriyle birebir ilgilenmesinden duyduklar\u0131 memnuniyeti dile getirdi.<\/p>\n<p>Ziyaretin ard\u0131ndan a\u00e7\u0131klama yapan Didim Belediye Ba\u015fkan\u0131 Hatice Gen\u00e7ay, &#8220;Cumartesi Pazar\u0131m\u0131zda esnaf\u0131m\u0131z ve halk\u0131m\u0131zla bir araya gelerek hem sohbet ettik hem de pazar\u0131n nabz\u0131n\u0131 tuttuk. Esnaf\u0131m\u0131za bereketli kazan\u00e7lar diledik, halk\u0131m\u0131z\u0131n g\u00f6r\u00fc\u015f ve \u00f6nerilerini dinledik. Didim\u2019in her k\u00f6\u015fesinde halk\u0131m\u0131zla i\u00e7 i\u00e7e olmaya, sorunlar\u0131 yerinde g\u00f6r\u00fcp \u00e7\u00f6z\u00fcm \u00fcretmeye devam edece\u011fiz. Bizim i\u00e7in halk\u0131m\u0131z\u0131n sesini duymak, onlar\u0131n ihtiya\u00e7lar\u0131n\u0131 do\u011frudan kendilerinden \u00f6\u011frenmek \u00e7ok k\u0131ymetli. \u015eeffaf, kat\u0131l\u0131mc\u0131 ve halk odakl\u0131 bir y\u00f6netim anlay\u0131\u015f\u0131yla Didim\u2019i birlikte g\u00fczelle\u015ftirece\u011fiz&#8221; diye konu\u015ftu.<br \/><\/p>\n","protected":false},"excerpt":{"rendered":"<p>Didim Belediye Ba\u015fkan\u0131 Hatice Gen\u00e7ay, il\u00e7ede her hafta kurulan Cumartesi Pazar\u0131\u2019n\u0131 ziyaret ederek halkla ve pazarc\u0131 esnaf\u0131yla bir araya geldi. Pazaryerinde s\u0131cak bir ilgiyle kar\u015f\u0131lanan Ba\u015fkan Gen\u00e7ay, tezgahlar\u0131 tek tek gezerek esnafa hay\u0131rl\u0131 i\u015fler ve bol kazan\u00e7lar diledi. Al\u0131\u015fveri\u015f yapan halkla da sohbet eden Gen\u00e7ay, pazar\u0131n i\u015fleyi\u015fi, fiyatlar ve genel durum hakk\u0131nda bilgi ald\u0131. Vatanda\u015flar\u0131n&#8230;<\/p>\n","protected":false},"author":1,"featured_media":49400,"comment_status":"open","ping_status":"open","sticky":false,"template":"","format":"standard","meta":{"_crdt_document":"","footnotes":""},"categories":[1],"tags":[],"class_list":["post-49399","post","type-post","status-publish","format-standard","has-post-thumbnail","hentry","category-guncel"],"_links":{"self":[{"href":"https:\/\/www.egemtv.com\/index.php?rest_route=\/wp\/v2\/posts\/49399","targetHints":{"allow":["GET"]}}],"collection":[{"href":"https:\/\/www.egemtv.com\/index.php?rest_route=\/wp\/v2\/posts"}],"about":[{"href":"https:\/\/www.egemtv.com\/index.php?rest_route=\/wp\/v2\/types\/post"}],"author":[{"embeddable":true,"href":"https:\/\/www.egemtv.com\/index.php?rest_route=\/wp\/v2\/users\/1"}],"replies":[{"embeddable":true,"href":"https:\/\/www.egemtv.com\/index.php?rest_route=%2Fwp%2Fv2%2Fcomments&post=49399"}],"version-history":[{"count":1,"href":"https:\/\/www.egemtv.com\/index.php?rest_route=\/wp\/v2\/posts\/49399\/revisions"}],"predecessor-version":[{"id":49401,"href":"https:\/\/www.egemtv.com\/index.php?rest_route=\/wp\/v2\/posts\/49399\/revisions\/49401"}],"wp:featuredmedia":[{"embeddable":true,"href":"https:\/\/www.egemtv.com\/index.php?rest_route=\/wp\/v2\/media\/49400"}],"wp:attachment":[{"href":"https:\/\/www.egemtv.com\/index.php?rest_route=%2Fwp%2Fv2%2Fmedia&parent=49399"}],"wp:term":[{"taxonomy":"category","embeddable":true,"href":"https:\/\/www.egemtv.com\/index.php?rest_route=%2Fwp%2Fv2%2Fcategories&post=49399"},{"taxonomy":"post_tag","embeddable":true,"href":"https:\/\/www.egemtv.com\/index.php?rest_route=%2Fwp%2Fv2%2Ftags&post=49399"}],"curies":[{"name":"wp","href":"https:\/\/api.w.org\/{rel}","templated":true}]}}