{"id":49396,"date":"2025-08-17T13:55:18","date_gmt":"2025-08-17T10:55:18","guid":{"rendered":"https:\/\/www.egemtv.com\/?p=49396"},"modified":"2025-08-17T13:55:19","modified_gmt":"2025-08-17T10:55:19","slug":"camelide-trap-atislari-yarismasi-geceklestirildi","status":"publish","type":"post","link":"https:\/\/www.egemtv.com\/?p=49396","title":{"rendered":"\u00c7ameli\u2019de Trap At\u0131\u015flar\u0131 Yar\u0131\u015fmas\u0131 ge\u00e7ekle\u015ftirildi"},"content":{"rendered":"<p>Denizli\u2019nin \u00c7ameli il\u00e7esinde bu y\u0131l 9.\u2019su d\u00fczenlenen K\u00fclt\u00fcr, Turizm, Tar\u0131m ve Do\u011fa Sporlar\u0131 Festivali, 6. g\u00fcn\u00fcnde \u00c7ameli Avc\u0131lar Kul\u00fcb\u00fc Trap At\u0131\u015flar\u0131 ile ba\u015flad\u0131.<br \/>\n<br \/>Denizli\u2019nin \u00c7ameli il\u00e7esinde bu y\u0131l 9.\u2019su d\u00fczenlenen \u00c7ameli K\u00fclt\u00fcr, Turizm, Tar\u0131m ve Do\u011fa Sporlar\u0131 Festivali, 6. G\u00fcn\u00fcnde Trap At\u0131\u015flar\u0131 Yar\u0131\u015fmas\u0131 \u00d6nceki D\u00f6nem Kaymakam\u0131 Talha Tunahan Y\u0131ld\u0131r\u0131m, \u00c7ameli Belediye Ba\u015fkan\u0131 Cengiz Arslan, Milliyet\u00e7i Hareket Partisi \u0130l\u00e7e Ba\u015fkan\u0131 ve \u00c7ameli Avc\u0131lar Kul\u00fcb\u00fc Ba\u015fkan\u0131 Murat Gen\u00e7, T\u00fcrkav Denizli \u015eube Ba\u015fkan\u0131 Murat Ayd\u0131nl\u0131, protokol \u00fcyeleri ve vatanda\u015flar\u0131n kat\u0131l\u0131m\u0131yla ger\u00e7ekle\u015fti. \u00c7ameli Belediye Ba\u015fkan\u0131 Cengiz Arslan, a\u00e7\u0131l\u0131\u015f konu\u015fmalar\u0131nda il\u00e7eye resmi bir poligon kazand\u0131rmak i\u00e7in haz\u0131r oldu\u011funu da dile getirdi. Yar\u0131\u015flar, \u00f6nceki d\u00f6nem kaymakam\u0131 ve Ba\u015fkan Arslan\u2019\u0131n a\u00e7\u0131l\u0131\u015f at\u0131\u015flar\u0131 ile ba\u015flad\u0131. Yar\u0131\u015flar 50 metre 75 metre t\u00fcfek at\u0131\u015flar\u0131 ve 25 metre tabanca at\u0131\u015flar\u0131 kategorileri ile ger\u00e7ekle\u015fti. Vatanda\u015flar hem at\u0131c\u0131l\u0131k sporu faaliyetlerini ger\u00e7ekle\u015ftirdi hem de birlik beraberlik i\u00e7inde g\u00fczel bir yar\u0131\u015f\u0131n i\u00e7inde olman\u0131n zevkini ya\u015fad\u0131. 25 metre tabanca at\u0131\u015flar\u0131nda 4. olan Burak Deniz\u2019e ve en ya\u015fl\u0131 avc\u0131 Bayram Ceylan\u2019a b\u0131\u00e7ak, 50 metre at\u0131\u015flar\u0131nda at\u0131\u015f yapan tek kad\u0131n G\u00fclcan Y\u0131ld\u0131r\u0131m \u00c7ameli Avc\u0131lar Kul\u00fcb\u00fc Ba\u015fkan\u0131 Murat Gen\u00e7 taraf\u0131ndan b\u0131\u00e7ak ve madalya takdim edildi.<br \/>\n<br \/>Dereceye giren yar\u0131\u015fmac\u0131lara \u00f6d\u00fclleri \u00c7ameli Belediye Ba\u015fkan\u0131 Cengiz Arslan, \u00c7ameli Avc\u0131lar Kul\u00fcb\u00fc Ba\u015fkan\u0131 Murat Gen\u00e7, At\u0131\u015f Hakemi \u00d6zay \u00c7elik taraf\u0131ndan verildi.<br \/>\n<br \/>75 Metre t\u00fcfek at\u0131\u015flar\u0131nda 1.Ekrem Uysal, 2.G\u00f6khan Acar, 3.Oktay Erdo\u011fan oldu. 50 Metre t\u00fcfek at\u0131\u015flar\u0131nda 1. Yunus Akkan, 2. Ekrem Uysal, 3. Muhittin Sa\u00e7k\u0131n oldu. 25 Metre tabanca at\u0131\u015flar\u0131nda ise 1.Da\u011fl\u0131 Kurt, 2.U\u011fur Balc\u0131, 3.Yasin Atakan Kanut oldu.<br \/><\/p>\n","protected":false},"excerpt":{"rendered":"<p>Denizli\u2019nin \u00c7ameli il\u00e7esinde bu y\u0131l 9.\u2019su d\u00fczenlenen K\u00fclt\u00fcr, Turizm, Tar\u0131m ve Do\u011fa Sporlar\u0131 Festivali, 6. g\u00fcn\u00fcnde \u00c7ameli Avc\u0131lar Kul\u00fcb\u00fc Trap At\u0131\u015flar\u0131 ile ba\u015flad\u0131. Denizli\u2019nin \u00c7ameli il\u00e7esinde bu y\u0131l 9.\u2019su d\u00fczenlenen \u00c7ameli K\u00fclt\u00fcr, Turizm, Tar\u0131m ve Do\u011fa Sporlar\u0131 Festivali, 6. G\u00fcn\u00fcnde Trap At\u0131\u015flar\u0131 Yar\u0131\u015fmas\u0131 \u00d6nceki D\u00f6nem Kaymakam\u0131 Talha Tunahan Y\u0131ld\u0131r\u0131m, \u00c7ameli Belediye Ba\u015fkan\u0131 Cengiz Arslan, Milliyet\u00e7i&#8230;<\/p>\n","protected":false},"author":1,"featured_media":49397,"comment_status":"open","ping_status":"open","sticky":false,"template":"","format":"standard","meta":{"_crdt_document":"","footnotes":""},"categories":[4],"tags":[],"class_list":["post-49396","post","type-post","status-publish","format-standard","has-post-thumbnail","hentry","category-spor"],"_links":{"self":[{"href":"https:\/\/www.egemtv.com\/index.php?rest_route=\/wp\/v2\/posts\/49396","targetHints":{"allow":["GET"]}}],"collection":[{"href":"https:\/\/www.egemtv.com\/index.php?rest_route=\/wp\/v2\/posts"}],"about":[{"href":"https:\/\/www.egemtv.com\/index.php?rest_route=\/wp\/v2\/types\/post"}],"author":[{"embeddable":true,"href":"https:\/\/www.egemtv.com\/index.php?rest_route=\/wp\/v2\/users\/1"}],"replies":[{"embeddable":true,"href":"https:\/\/www.egemtv.com\/index.php?rest_route=%2Fwp%2Fv2%2Fcomments&post=49396"}],"version-history":[{"count":1,"href":"https:\/\/www.egemtv.com\/index.php?rest_route=\/wp\/v2\/posts\/49396\/revisions"}],"predecessor-version":[{"id":49398,"href":"https:\/\/www.egemtv.com\/index.php?rest_route=\/wp\/v2\/posts\/49396\/revisions\/49398"}],"wp:featuredmedia":[{"embeddable":true,"href":"https:\/\/www.egemtv.com\/index.php?rest_route=\/wp\/v2\/media\/49397"}],"wp:attachment":[{"href":"https:\/\/www.egemtv.com\/index.php?rest_route=%2Fwp%2Fv2%2Fmedia&parent=49396"}],"wp:term":[{"taxonomy":"category","embeddable":true,"href":"https:\/\/www.egemtv.com\/index.php?rest_route=%2Fwp%2Fv2%2Fcategories&post=49396"},{"taxonomy":"post_tag","embeddable":true,"href":"https:\/\/www.egemtv.com\/index.php?rest_route=%2Fwp%2Fv2%2Ftags&post=49396"}],"curies":[{"name":"wp","href":"https:\/\/api.w.org\/{rel}","templated":true}]}}