{"id":49393,"date":"2025-08-17T13:55:17","date_gmt":"2025-08-17T10:55:17","guid":{"rendered":"https:\/\/www.egemtv.com\/?p=49393"},"modified":"2025-08-17T13:55:18","modified_gmt":"2025-08-17T10:55:18","slug":"izmirin-yagli-gures-soleninde-baspehlivan-erkan-tas-oldu","status":"publish","type":"post","link":"https:\/\/www.egemtv.com\/?p=49393","title":{"rendered":"\u0130zmir\u2019in ya\u011fl\u0131 g\u00fcre\u015f \u015f\u00f6leninde ba\u015fpehlivan Erkan Ta\u015f oldu"},"content":{"rendered":"<p>\u0130zmir B\u00fcy\u00fck\u015fehir Belediyesi, \u00d6demi\u015f Belediyesi ve T\u00fcrkiye Geleneksel G\u00fcre\u015fler Federasyonu taraf\u0131ndan organize edilen \u00d6demi\u015f G\u00f6lc\u00fck Yaylas\u0131 Ya\u011fl\u0131 G\u00fcre\u015fleri\u2019nde sonu\u00e7lar belli oldu. B\u00fcy\u00fck heyecan\u0131n ya\u015fand\u0131\u011f\u0131 g\u00fcre\u015flerin finalinde Erkan Ta\u015f, rakibi Tufan G\u00fczel\u2019i ma\u011flup ederek ba\u015fpehlivan unvan\u0131n\u0131n sahibi oldu.<br \/>\n<br \/>\u00d6demi\u015f G\u00f6lc\u00fck Yaylas\u0131 Ya\u011fl\u0131 G\u00fcre\u015fleri b\u00fcy\u00fck heyecana sahne oldu. \u0130zmir B\u00fcy\u00fck\u015fehir Belediyesi, \u00d6demi\u015f Belediyesi ve T\u00fcrkiye Geleneksel G\u00fcre\u015fler Federasyonu i\u015f birli\u011fiyle organize edilen turnuvada yakla\u015f\u0131k 500 pehlivan er meydan\u0131na \u00e7\u0131kt\u0131. B\u00fcy\u00fck heyecan\u0131n ya\u015fand\u0131\u011f\u0131 g\u00fcre\u015flerin finalinde Erkan Ta\u015f, rakibi Tufan G\u00fczel\u2019i ma\u011flup ederek ba\u015fpehlivan unvan\u0131n\u0131n sahibi oldu. Yar\u0131\u015flarda 30\u2019un \u00fczerinde ba\u015fpehlivan m\u00fccadele ederken g\u00fcre\u015f a\u011fal\u0131\u011f\u0131 ise i\u015f insan\u0131 Habil T\u00fckenmez taraf\u0131ndan 500 bin TL bedelle \u00fcstlenildi. Finalde k\u0131ran k\u0131rana ge\u00e7en m\u00fccadelede Erkan Ta\u015f, rakibi Tufan G\u00fczel\u2019i ma\u011flup ederek alt\u0131n kemerin sahibi oldu. Kemer, \u00d6demi\u015f Belediye Ba\u015fkan\u0131 Mustafa Turan ve g\u00fcre\u015f a\u011fas\u0131 Habil T\u00fckenmez taraf\u0131ndan Ta\u015f\u2019a takdim edildi.<\/p>\n<p>Dereceye girenler belli oldu<br \/>\n<br \/>Ba\u015f Boyu kategorisinde \u00fc\u00e7\u00fcnc\u00fcl\u00fc\u011f\u00fc 662. ve 663. K\u0131rkp\u0131nar Ya\u011fl\u0131 G\u00fcre\u015fleri\u2019nin alt\u0131n kemer sahibi Yusuf Can Zeybek al\u0131rken, Mustafa Batu da \u00fc\u00e7\u00fcnc\u00fcl\u00fck k\u00fcrs\u00fcs\u00fcne \u00e7\u0131kt\u0131. Organizasyonda dereceye giren di\u011fer isimler de netlik kazand\u0131. Ba\u015falt\u0131 Boyu kategorisinde Onur Susuz birinci, Samet Ocak ikinci, Mustafa Cebesi ve Halil Can Da\u011fcan ise \u00fc\u00e7\u00fcnc\u00fc oldu.<br \/>\n<br \/>B\u00fcy\u00fck Orta Boyu kategorisinde H\u00fcseyin Co\u015fkun, K\u00fc\u00e7\u00fck Orta B\u00fcy\u00fck Boyu\u2019nda \u0130brahim \u015eamil \u00d6zak, K\u00fc\u00e7\u00fck Orta K\u00fc\u00e7\u00fck Boyu\u2019nda G\u00f6rkem Yasin \u015eefik, Deste B\u00fcy\u00fck Boyu\u2019nda Batuhan \u00d6zt\u00fcrk, Deste Orta Boyu\u2019nda Beytullah Sar\u0131, Deste K\u00fc\u00e7\u00fck Boyu\u2019nda Ercan Bakan, Ayak Boyu\u2019nda Ali Mert U\u00e7tu, Tozkoparan Boyu\u2019nda Nurullah Eli\u015f, Te\u015fvik \u0130ki Boyu\u2019nda Mithat Ba\u015fe\u011fmez, Te\u015fvik Bir Boyu\u2019nda Sametcan Meler, Minik \u0130ki Boyu\u2019nda Hamza \u00d6zpiri\u00e7\u00e7i ve Minik Bir Boyu\u2019nda ise Bulut Yaman birincilik elde etti.<br \/>\n<br \/>\u00d6demi\u015f G\u00f6lc\u00fck Yaylas\u0131\u2019nda b\u00fcy\u00fck ilgi g\u00f6ren ya\u011fl\u0131 g\u00fcre\u015fler, hem k\u0131yas\u0131ya m\u00fccadelelere hem de izleyiciler i\u00e7in unutulmaz bir spor \u015f\u00f6lenine ev sahipli\u011fi yapt\u0131.<br \/><\/p>\n","protected":false},"excerpt":{"rendered":"<p>\u0130zmir B\u00fcy\u00fck\u015fehir Belediyesi, \u00d6demi\u015f Belediyesi ve T\u00fcrkiye Geleneksel G\u00fcre\u015fler Federasyonu taraf\u0131ndan organize edilen \u00d6demi\u015f G\u00f6lc\u00fck Yaylas\u0131 Ya\u011fl\u0131 G\u00fcre\u015fleri\u2019nde sonu\u00e7lar belli oldu. B\u00fcy\u00fck heyecan\u0131n ya\u015fand\u0131\u011f\u0131 g\u00fcre\u015flerin finalinde Erkan Ta\u015f, rakibi Tufan G\u00fczel\u2019i ma\u011flup ederek ba\u015fpehlivan unvan\u0131n\u0131n sahibi oldu. \u00d6demi\u015f G\u00f6lc\u00fck Yaylas\u0131 Ya\u011fl\u0131 G\u00fcre\u015fleri b\u00fcy\u00fck heyecana sahne oldu. \u0130zmir B\u00fcy\u00fck\u015fehir Belediyesi, \u00d6demi\u015f Belediyesi ve T\u00fcrkiye Geleneksel G\u00fcre\u015fler&#8230;<\/p>\n","protected":false},"author":1,"featured_media":49394,"comment_status":"open","ping_status":"open","sticky":false,"template":"","format":"standard","meta":{"_crdt_document":"","footnotes":""},"categories":[4],"tags":[],"class_list":["post-49393","post","type-post","status-publish","format-standard","has-post-thumbnail","hentry","category-spor"],"_links":{"self":[{"href":"https:\/\/www.egemtv.com\/index.php?rest_route=\/wp\/v2\/posts\/49393","targetHints":{"allow":["GET"]}}],"collection":[{"href":"https:\/\/www.egemtv.com\/index.php?rest_route=\/wp\/v2\/posts"}],"about":[{"href":"https:\/\/www.egemtv.com\/index.php?rest_route=\/wp\/v2\/types\/post"}],"author":[{"embeddable":true,"href":"https:\/\/www.egemtv.com\/index.php?rest_route=\/wp\/v2\/users\/1"}],"replies":[{"embeddable":true,"href":"https:\/\/www.egemtv.com\/index.php?rest_route=%2Fwp%2Fv2%2Fcomments&post=49393"}],"version-history":[{"count":1,"href":"https:\/\/www.egemtv.com\/index.php?rest_route=\/wp\/v2\/posts\/49393\/revisions"}],"predecessor-version":[{"id":49395,"href":"https:\/\/www.egemtv.com\/index.php?rest_route=\/wp\/v2\/posts\/49393\/revisions\/49395"}],"wp:featuredmedia":[{"embeddable":true,"href":"https:\/\/www.egemtv.com\/index.php?rest_route=\/wp\/v2\/media\/49394"}],"wp:attachment":[{"href":"https:\/\/www.egemtv.com\/index.php?rest_route=%2Fwp%2Fv2%2Fmedia&parent=49393"}],"wp:term":[{"taxonomy":"category","embeddable":true,"href":"https:\/\/www.egemtv.com\/index.php?rest_route=%2Fwp%2Fv2%2Fcategories&post=49393"},{"taxonomy":"post_tag","embeddable":true,"href":"https:\/\/www.egemtv.com\/index.php?rest_route=%2Fwp%2Fv2%2Ftags&post=49393"}],"curies":[{"name":"wp","href":"https:\/\/api.w.org\/{rel}","templated":true}]}}