{"id":49390,"date":"2025-08-17T13:55:17","date_gmt":"2025-08-17T10:55:17","guid":{"rendered":"https:\/\/www.egemtv.com\/?p=49390"},"modified":"2025-08-17T13:55:17","modified_gmt":"2025-08-17T10:55:17","slug":"tufekle-vurulan-3-cocuk-babasi-hayatini-kaybetti","status":"publish","type":"post","link":"https:\/\/www.egemtv.com\/?p=49390","title":{"rendered":"T\u00fcfekle vurulan 3 \u00e7ocuk babas\u0131 hayat\u0131n\u0131 kaybetti"},"content":{"rendered":"<p>Tart\u0131\u015fman\u0131n b\u00fcy\u00fcmesiyle silah\u0131 bulunan \u015fah\u0131s, arkada\u015f\u0131n\u0131 vurarak \u00f6ld\u00fcrd\u00fc. Olay\u0131n ard\u0131ndan ka\u00e7an cinayet zanl\u0131s\u0131n\u0131 yakalamak i\u00e7in geni\u015f \u00e7apl\u0131 arama \u00e7al\u0131\u015fmas\u0131 ba\u015flat\u0131ld\u0131.<\/p>\n<p>Olay, Denizli\u2019nin \u00c7ardak il\u00e7esi yak\u0131n\u0131 olan Afyon\u2019un Ba\u015fmak\u00e7\u0131 il\u00e7esi Akp\u0131nar b\u00f6lgesinde meydana geldi. Edinilen bilgilere g\u00f6re, daha \u00f6nce kendi yak\u0131nlar\u0131ndan birisini silahla vurdu\u011fu ve farkl\u0131 su\u00e7lardan h\u00fck\u00fcm giydi\u011fi iddia edilen  Recep T., ak\u015fam saatlerinde uyu\u015fturucu ve para al\u0131\u015fveri\u015fi sebebinden dolay\u0131 3 \u00e7ocuk babas\u0131 Yusuf Ert\u00fcrk\u2019\u00fc silahla ate\u015f etti. Silah sesini duyan \u00e7evredeki vatanda\u015flar durumu 112 Acil \u00c7a\u011fr\u0131 Merkezine bildirdi. \u0130hbar \u00fczerine b\u00f6lgeye \u00e7ok say\u0131da jandarma ve sa\u011fl\u0131k ekipleri sevk edildi.<\/p>\n<p>B\u00f6lgeye gelen sa\u011fl\u0131k ekiplerinin kontrollerinin ard\u0131ndan Yusuf Ert\u00fcrk\u2019\u00fcn olay yerinde hayat\u0131n\u0131 kaybetti\u011fi belirlendi. Yusuf Ert\u00fcrk\u2019\u00fcn cans\u0131z bedeni ise Afyonkarahisar\u2019a otopsi i\u00e7in nakledildi. Hayat\u0131n\u0131 kaybeden Yusuf Ert\u00fcrk\u2019\u00fcn evli ve 3 \u00e7ocuk babas\u0131 oldu\u011fu \u00f6\u011frenildi. Her ikisi de Denizli\u2019nin \u00c7ardak il\u00e7esine ba\u011fl\u0131 Gemi\u015f Mahallesi\u2019de ikimat eden katil ve \u00f6len \u015fahs\u0131n, ne ama\u00e7la olay\u0131n meydana geldi\u011fi b\u00f6lgeye gitti\u011fi \u00f6\u011frenilmesi. B\u00f6lgeden ka\u00e7an \u015f\u00fcpheli Recep T.\u2019nin yakalanmas\u0131 i\u00e7in ise jandarma ekipleri geni\u015f \u00e7apl\u0131 arama \u00e7al\u0131\u015fmas\u0131 ba\u015flatt\u0131.<br \/><\/p>\n","protected":false},"excerpt":{"rendered":"<p>Tart\u0131\u015fman\u0131n b\u00fcy\u00fcmesiyle silah\u0131 bulunan \u015fah\u0131s, arkada\u015f\u0131n\u0131 vurarak \u00f6ld\u00fcrd\u00fc. Olay\u0131n ard\u0131ndan ka\u00e7an cinayet zanl\u0131s\u0131n\u0131 yakalamak i\u00e7in geni\u015f \u00e7apl\u0131 arama \u00e7al\u0131\u015fmas\u0131 ba\u015flat\u0131ld\u0131. Olay, Denizli\u2019nin \u00c7ardak il\u00e7esi yak\u0131n\u0131 olan Afyon\u2019un Ba\u015fmak\u00e7\u0131 il\u00e7esi Akp\u0131nar b\u00f6lgesinde meydana geldi. Edinilen bilgilere g\u00f6re, daha \u00f6nce kendi yak\u0131nlar\u0131ndan birisini silahla vurdu\u011fu ve farkl\u0131 su\u00e7lardan h\u00fck\u00fcm giydi\u011fi iddia edilen Recep T., ak\u015fam saatlerinde uyu\u015fturucu&#8230;<\/p>\n","protected":false},"author":1,"featured_media":49391,"comment_status":"open","ping_status":"open","sticky":false,"template":"","format":"standard","meta":{"_crdt_document":"","footnotes":""},"categories":[5],"tags":[],"class_list":["post-49390","post","type-post","status-publish","format-standard","has-post-thumbnail","hentry","category-asayis"],"_links":{"self":[{"href":"https:\/\/www.egemtv.com\/index.php?rest_route=\/wp\/v2\/posts\/49390","targetHints":{"allow":["GET"]}}],"collection":[{"href":"https:\/\/www.egemtv.com\/index.php?rest_route=\/wp\/v2\/posts"}],"about":[{"href":"https:\/\/www.egemtv.com\/index.php?rest_route=\/wp\/v2\/types\/post"}],"author":[{"embeddable":true,"href":"https:\/\/www.egemtv.com\/index.php?rest_route=\/wp\/v2\/users\/1"}],"replies":[{"embeddable":true,"href":"https:\/\/www.egemtv.com\/index.php?rest_route=%2Fwp%2Fv2%2Fcomments&post=49390"}],"version-history":[{"count":1,"href":"https:\/\/www.egemtv.com\/index.php?rest_route=\/wp\/v2\/posts\/49390\/revisions"}],"predecessor-version":[{"id":49392,"href":"https:\/\/www.egemtv.com\/index.php?rest_route=\/wp\/v2\/posts\/49390\/revisions\/49392"}],"wp:featuredmedia":[{"embeddable":true,"href":"https:\/\/www.egemtv.com\/index.php?rest_route=\/wp\/v2\/media\/49391"}],"wp:attachment":[{"href":"https:\/\/www.egemtv.com\/index.php?rest_route=%2Fwp%2Fv2%2Fmedia&parent=49390"}],"wp:term":[{"taxonomy":"category","embeddable":true,"href":"https:\/\/www.egemtv.com\/index.php?rest_route=%2Fwp%2Fv2%2Fcategories&post=49390"},{"taxonomy":"post_tag","embeddable":true,"href":"https:\/\/www.egemtv.com\/index.php?rest_route=%2Fwp%2Fv2%2Ftags&post=49390"}],"curies":[{"name":"wp","href":"https:\/\/api.w.org\/{rel}","templated":true}]}}