{"id":49387,"date":"2025-08-17T13:34:55","date_gmt":"2025-08-17T10:34:55","guid":{"rendered":"https:\/\/www.egemtv.com\/?p=49387"},"modified":"2025-08-17T13:34:55","modified_gmt":"2025-08-17T10:34:55","slug":"camelili-vatandaslar-ayse-dincer-ile-cosku-dolu-bir-konser-yasadi","status":"publish","type":"post","link":"https:\/\/www.egemtv.com\/?p=49387","title":{"rendered":"\u00c7amelili vatanda\u015flar Ay\u015fe Din\u00e7er ile co\u015fku dolu bir konser ya\u015fad\u0131"},"content":{"rendered":"<p>DEN\u0130ZL\u0130(\u0130HA) \u2013 \u00c7ameli 9. K\u00fclt\u00fcr, Turizm, Tar\u0131m ve Do\u011fa Sporlar\u0131 Festivali\u2019nin 6. g\u00fcn\u00fcnde Ay\u015fe Din\u00e7er konseriyle co\u015fkulu anlara sahne oldu. Festival alan\u0131n\u0131 dolduran vatanda\u015flar, sanat\u00e7\u0131n\u0131n sahne performans\u0131 e\u015fli\u011finde unutulmaz ve m\u00fckemmel bir ak\u015fam ya\u015fad\u0131.<\/p>\n<p>\u00c7ameli il\u00e7esinde bu y\u0131l 9.\u2019u d\u00fczenlenen \u00c7ameli K\u00fclt\u00fcr, Turizm, Tar\u0131m ve Do\u011fa Sporlar\u0131 Festivali, 6. G\u00fcn\u00fcnde ak\u015fam program\u0131nda saat 21.00\u2019da ba\u015flayan Ay\u015fe Din\u00e7er konseriyle co\u015fkulu anlara sahne oldu. Festival alan\u0131n\u0131 dolduran vatanda\u015flar, sanat\u00e7\u0131n\u0131n sahne performans\u0131 e\u015fli\u011finde unutulmaz ve m\u00fckemmel bir ak\u015fam ya\u015fad\u0131. AK Parti Denizli Milletvekili Cahit \u00d6zkan, \u00d6nceki D\u00f6nem Kaymakam\u0131 Talha Tunahan Y\u0131ld\u0131r\u0131m, \u00c7ameli Belediye Ba\u015fkan\u0131 Cengiz Arslan ve e\u015fi \u0130lkin Arslan, \u0130l\u00e7e Jandarma Komutan\u0131 H\u00fcseyin Arslan, \u0130l\u00e7e Emniyet Amiri Bilal Cing\u00f6r, AK Parti \u0130l\u00e7e Ba\u015fkan\u0131 Cengiz Y\u0131lmaz, Milliyet\u00e7i Hareket Partisi \u0130l\u00e7e Ba\u015fkan\u0131 Murat Gen\u00e7, protokol \u00fcyeleri, Karde\u015f \u015eehrimiz Bilesuvardan gelen Azerbaycan heyeti ve \u00e7ok say\u0131da vatanda\u015f da konser co\u015fkusuna ortak oldu.<\/p>\n<p>Ay\u015fe Din\u00e7er ve Orkestras\u0131, sahnede sunduklar\u0131 m\u00fczik ziyafetiyle izleyicilere enerji dolu ve e\u011flenceli anlar ya\u015fatt\u0131. Festivalin 6\u2019nc\u0131 gecesi, renkli g\u00f6r\u00fcnt\u00fclere ve y\u00fcksek tempolu bir atmosfere ev sahipli\u011fi yapt\u0131. Final g\u00fcn\u00fcne yak\u0131\u015f\u0131r \u015fekilde kalabal\u0131k olan konser b\u00fcy\u00fck ilgi g\u00f6rd\u00fc.<br \/>\n<br \/>Konser s\u0131ras\u0131nda sahneye \u00e7\u0131kan \u00c7ameli Belediye Ba\u015fkan\u0131 Cengiz Arslan, sanat\u00e7\u0131 Ay\u015fe Din\u00e7er ve Orkestras\u0131\u2019na te\u015fekk\u00fcr ederek hediye takdim etti. Ba\u015fkan Arslan, festivale katk\u0131 sa\u011flayan destek\u00e7ilere plaket takdim etti. Ba\u015fkan Arslan, festivale g\u00f6sterilen yo\u011fun ilgiden dolay\u0131 il\u00e7e halk\u0131na te\u015fekk\u00fcr ederek duydu\u011fu memnuniyeti dile getirdi. Ard\u0131ndan Milletvekili Cahit \u00d6zkan, il\u00e7eye yap\u0131lacak olan Kapal\u0131 Y\u00fczme Havuzu ve Fitness Salonu\u2019nun m\u00fcjdesini verdi.<\/p>\n<p>Geceye renk katan s\u00fcrpriz anlardan biri ise Sanat\u00e7\u0131 Ramazan K\u00fc\u00e7\u00fck sahneye \u00e7\u0131karak k\u0131sa bir performans sergilemesi oldu. Ramazan K\u00fc\u00e7\u00fck, Ay\u015fe Din\u00e7er ile birlikte s\u00f6yledikleri d\u00fcetle izleyicilere unutulmaz dakikalar ya\u015fatt\u0131. Gece boyunca e\u011flencenin ve birlikteli\u011fin \u00f6n planda oldu\u011fu festival alan\u0131, kat\u0131l\u0131mc\u0131lara keyifli ve unutulmaz anlar ya\u015fatt\u0131.<br \/><\/p>\n","protected":false},"excerpt":{"rendered":"<p>DEN\u0130ZL\u0130(\u0130HA) \u2013 \u00c7ameli 9. K\u00fclt\u00fcr, Turizm, Tar\u0131m ve Do\u011fa Sporlar\u0131 Festivali\u2019nin 6. g\u00fcn\u00fcnde Ay\u015fe Din\u00e7er konseriyle co\u015fkulu anlara sahne oldu. Festival alan\u0131n\u0131 dolduran vatanda\u015flar, sanat\u00e7\u0131n\u0131n sahne performans\u0131 e\u015fli\u011finde unutulmaz ve m\u00fckemmel bir ak\u015fam ya\u015fad\u0131. \u00c7ameli il\u00e7esinde bu y\u0131l 9.\u2019u d\u00fczenlenen \u00c7ameli K\u00fclt\u00fcr, Turizm, Tar\u0131m ve Do\u011fa Sporlar\u0131 Festivali, 6. G\u00fcn\u00fcnde ak\u015fam program\u0131nda saat 21.00\u2019da ba\u015flayan&#8230;<\/p>\n","protected":false},"author":1,"featured_media":49388,"comment_status":"open","ping_status":"open","sticky":false,"template":"","format":"standard","meta":{"_crdt_document":"","footnotes":""},"categories":[1],"tags":[],"class_list":["post-49387","post","type-post","status-publish","format-standard","has-post-thumbnail","hentry","category-guncel"],"_links":{"self":[{"href":"https:\/\/www.egemtv.com\/index.php?rest_route=\/wp\/v2\/posts\/49387","targetHints":{"allow":["GET"]}}],"collection":[{"href":"https:\/\/www.egemtv.com\/index.php?rest_route=\/wp\/v2\/posts"}],"about":[{"href":"https:\/\/www.egemtv.com\/index.php?rest_route=\/wp\/v2\/types\/post"}],"author":[{"embeddable":true,"href":"https:\/\/www.egemtv.com\/index.php?rest_route=\/wp\/v2\/users\/1"}],"replies":[{"embeddable":true,"href":"https:\/\/www.egemtv.com\/index.php?rest_route=%2Fwp%2Fv2%2Fcomments&post=49387"}],"version-history":[{"count":1,"href":"https:\/\/www.egemtv.com\/index.php?rest_route=\/wp\/v2\/posts\/49387\/revisions"}],"predecessor-version":[{"id":49389,"href":"https:\/\/www.egemtv.com\/index.php?rest_route=\/wp\/v2\/posts\/49387\/revisions\/49389"}],"wp:featuredmedia":[{"embeddable":true,"href":"https:\/\/www.egemtv.com\/index.php?rest_route=\/wp\/v2\/media\/49388"}],"wp:attachment":[{"href":"https:\/\/www.egemtv.com\/index.php?rest_route=%2Fwp%2Fv2%2Fmedia&parent=49387"}],"wp:term":[{"taxonomy":"category","embeddable":true,"href":"https:\/\/www.egemtv.com\/index.php?rest_route=%2Fwp%2Fv2%2Fcategories&post=49387"},{"taxonomy":"post_tag","embeddable":true,"href":"https:\/\/www.egemtv.com\/index.php?rest_route=%2Fwp%2Fv2%2Ftags&post=49387"}],"curies":[{"name":"wp","href":"https:\/\/api.w.org\/{rel}","templated":true}]}}