{"id":49384,"date":"2025-08-17T13:14:45","date_gmt":"2025-08-17T10:14:45","guid":{"rendered":"https:\/\/www.egemtv.com\/?p=49384"},"modified":"2025-08-17T13:14:46","modified_gmt":"2025-08-17T10:14:46","slug":"tavsanli-cukurkoy-mahallesinde-anlamli-program","status":"publish","type":"post","link":"https:\/\/www.egemtv.com\/?p=49384","title":{"rendered":"Tav\u015fanl\u0131 \u00c7ukurk\u00f6y Mahallesi\u2019nde anlaml\u0131 program"},"content":{"rendered":"<p>K\u00fctahya\u2019n\u0131n Tav\u015fanl\u0131 il\u00e7esine ba\u011fl\u0131 \u00c7ukurk\u00f6y Mahallesi\u2019nde bulunan Diyanet Gen\u00e7lik Merkezi 4-6 Ya\u015f Yaz Kur\u2019an Kursu\u2019nda e\u011fitim alan minik \u00f6\u011frenciler i\u00e7in anlaml\u0131 bir t\u00f6ren d\u00fczenlendi.<br \/>\n<br \/>\u00c7ukurk\u00f6y halk\u0131n\u0131n yo\u011fun kat\u0131l\u0131m g\u00f6sterdi\u011fi program, Sayg\u0131 Duru\u015fu ve \u0130stiklal Mar\u015f\u0131\u2019n\u0131n ard\u0131ndan Kur\u2019an-\u0131 Kerim tilavetiyle ba\u015flad\u0131.  T\u00f6renin a\u00e7\u0131l\u0131\u015f konu\u015fmas\u0131n\u0131 yapan Tav\u015fanl\u0131 \u0130l\u00e7e M\u00fcft\u00fcs\u00fc Mevl\u00fct Hakan Asan, yaz kurslar\u0131n\u0131n yan\u0131 s\u0131ra y\u0131l boyunca da \u015e\u00fcheda Kur\u2019an Kursu\u2019nda e\u011fitimlerin s\u00fcrece\u011fini ifade etti. Asan, ayr\u0131ca \u00c7ukurk\u00f6y mahalle olmadan \u00f6nce belediye binas\u0131 olarak kullan\u0131lan binan\u0131n Gen\u00e7lik Merkezi\u2019ne tahsisinde katk\u0131 sa\u011flayan Tav\u015fanl\u0131 Belediye Ba\u015fkan\u0131 Ali Kemal Derin\u2019e, i\u00e7 d\u00fczenlemesinde eme\u011fi ge\u00e7en K\u00fctahya Milletvekilleri Mehmet Demir ve \u0130smail \u00c7a\u011flar Bay\u0131rc\u0131\u2019ya te\u015fekk\u00fcr etti. Program kapsam\u0131nda minik \u00f6\u011frenciler taraf\u0131ndan mehter g\u00f6sterisi, \u015fiirler ve Peygamber Efendimizin hadislerinden olu\u015fan \u00f6zel bir sunum ger\u00e7ekle\u015ftirildi. Ayr\u0131ca programda i\u015fitme engeliler i\u00e7in de \u00f6\u011frenciler sunum ger\u00e7ekle\u015ftirdi. Veliler ve davetliler, \u00e7ocuklar\u0131n performans\u0131n\u0131 ayakta alk\u0131\u015flad\u0131. T\u00f6rene, AK Parti Tav\u015fanl\u0131 \u0130l\u00e7e Ba\u015fkan\u0131 Himmet \u00d6zer ile MHP \u0130l\u00e7e Ba\u015fkan\u0131 K\u00fcr\u015fat \u00d6zta\u015f da kat\u0131larak \u00f6\u011frencilerin mutlulu\u011funa ortak oldu.<br \/><\/p>\n","protected":false},"excerpt":{"rendered":"<p>K\u00fctahya\u2019n\u0131n Tav\u015fanl\u0131 il\u00e7esine ba\u011fl\u0131 \u00c7ukurk\u00f6y Mahallesi\u2019nde bulunan Diyanet Gen\u00e7lik Merkezi 4-6 Ya\u015f Yaz Kur\u2019an Kursu\u2019nda e\u011fitim alan minik \u00f6\u011frenciler i\u00e7in anlaml\u0131 bir t\u00f6ren d\u00fczenlendi. \u00c7ukurk\u00f6y halk\u0131n\u0131n yo\u011fun kat\u0131l\u0131m g\u00f6sterdi\u011fi program, Sayg\u0131 Duru\u015fu ve \u0130stiklal Mar\u015f\u0131\u2019n\u0131n ard\u0131ndan Kur\u2019an-\u0131 Kerim tilavetiyle ba\u015flad\u0131. T\u00f6renin a\u00e7\u0131l\u0131\u015f konu\u015fmas\u0131n\u0131 yapan Tav\u015fanl\u0131 \u0130l\u00e7e M\u00fcft\u00fcs\u00fc Mevl\u00fct Hakan Asan, yaz kurslar\u0131n\u0131n yan\u0131 s\u0131ra y\u0131l&#8230;<\/p>\n","protected":false},"author":1,"featured_media":49385,"comment_status":"open","ping_status":"open","sticky":false,"template":"","format":"standard","meta":{"_crdt_document":"","footnotes":""},"categories":[1],"tags":[],"class_list":["post-49384","post","type-post","status-publish","format-standard","has-post-thumbnail","hentry","category-guncel"],"_links":{"self":[{"href":"https:\/\/www.egemtv.com\/index.php?rest_route=\/wp\/v2\/posts\/49384","targetHints":{"allow":["GET"]}}],"collection":[{"href":"https:\/\/www.egemtv.com\/index.php?rest_route=\/wp\/v2\/posts"}],"about":[{"href":"https:\/\/www.egemtv.com\/index.php?rest_route=\/wp\/v2\/types\/post"}],"author":[{"embeddable":true,"href":"https:\/\/www.egemtv.com\/index.php?rest_route=\/wp\/v2\/users\/1"}],"replies":[{"embeddable":true,"href":"https:\/\/www.egemtv.com\/index.php?rest_route=%2Fwp%2Fv2%2Fcomments&post=49384"}],"version-history":[{"count":1,"href":"https:\/\/www.egemtv.com\/index.php?rest_route=\/wp\/v2\/posts\/49384\/revisions"}],"predecessor-version":[{"id":49386,"href":"https:\/\/www.egemtv.com\/index.php?rest_route=\/wp\/v2\/posts\/49384\/revisions\/49386"}],"wp:featuredmedia":[{"embeddable":true,"href":"https:\/\/www.egemtv.com\/index.php?rest_route=\/wp\/v2\/media\/49385"}],"wp:attachment":[{"href":"https:\/\/www.egemtv.com\/index.php?rest_route=%2Fwp%2Fv2%2Fmedia&parent=49384"}],"wp:term":[{"taxonomy":"category","embeddable":true,"href":"https:\/\/www.egemtv.com\/index.php?rest_route=%2Fwp%2Fv2%2Fcategories&post=49384"},{"taxonomy":"post_tag","embeddable":true,"href":"https:\/\/www.egemtv.com\/index.php?rest_route=%2Fwp%2Fv2%2Ftags&post=49384"}],"curies":[{"name":"wp","href":"https:\/\/api.w.org\/{rel}","templated":true}]}}