{"id":49381,"date":"2025-08-17T13:14:44","date_gmt":"2025-08-17T10:14:44","guid":{"rendered":"https:\/\/www.egemtv.com\/?p=49381"},"modified":"2025-08-17T13:14:44","modified_gmt":"2025-08-17T10:14:44","slug":"agri-dagi-zirvesine-3-kutahyali-tirmandi","status":"publish","type":"post","link":"https:\/\/www.egemtv.com\/?p=49381","title":{"rendered":"A\u011fr\u0131 Da\u011f\u0131 zirvesine 3  K\u00fctahyal\u0131 t\u0131rmand\u0131"},"content":{"rendered":"<p>K\u00fctahya\u2019dan \u00fc\u00e7 da\u011fc\u0131, T\u00fcrkiye\u2019nin en y\u00fcksek noktas\u0131 olan A\u011fr\u0131 Da\u011f\u0131\u2019n\u0131n zirvesine t\u0131rmanarak b\u00fcy\u00fck bir ba\u015far\u0131ya imza att\u0131. Farkl\u0131 da\u011fc\u0131lardan olu\u015fan bir ekiple bir araya gelen ve mauntararattrek rehberli\u011finde ger\u00e7ekle\u015ftirilen bu zorlu t\u0131rman\u0131\u015f, da\u011fc\u0131lar i\u00e7in unutulmaz bir deneyim oldu.<br \/>\n<br \/>T\u0131rman\u0131\u015fla ilgili bilgi veren K\u00fctahya Emet il\u00e7esi S\u00fclye k\u00f6y\u00fcnden Ali \u015een, t\u0131rman\u0131\u015f\u0131n a\u015famalar\u0131n\u0131 anlatt\u0131. \u0130lk g\u00fcn 2200 metreden 3300 metredeki ana kamp alan\u0131na ula\u015f\u0131ld\u0131\u011f\u0131n\u0131 belirten \u015een, ikinci g\u00fcn\u00fcn daha zorlu ge\u00e7ti\u011fini dile getirdi. Y\u00fcksek irtifa, d\u00fc\u015f\u00fck oksijen ve sert r\u00fczg\u00e2ra ra\u011fmen 4200 metredeki ikinci ana kampa ula\u015ft\u0131klar\u0131n\u0131 ve burada zirve t\u0131rman\u0131\u015f\u0131 i\u00e7in geceyi beklemeye ba\u015flad\u0131klar\u0131n\u0131 s\u00f6yledi.<br \/>\n<br \/>Final y\u00fcr\u00fcy\u00fc\u015f\u00fc, 16 A\u011fustos gecesi saat 01.30\u2019da ba\u015flad\u0131 ve yakla\u015f\u0131k 5 saat s\u00fcren yo\u011fun bir eforun ard\u0131ndan sabah\u0131n ilk \u0131\u015f\u0131klar\u0131yla birlikte ba\u015far\u0131yla tamamland\u0131. \u015een, &#8220;T\u00fcrkiye\u2019nin en y\u00fcksek noktas\u0131 olan 5137 metre rak\u0131ml\u0131 A\u011fr\u0131 Da\u011f\u0131 zirvesine ula\u015f\u0131ld\u0131&#8221; dedi.<br \/>\n<br \/>K\u00fctahya\u2019dan t\u0131rman\u0131\u015fa kat\u0131lan Ali \u015een\u2019in yan\u0131 s\u0131ra Bahar \u00c7elik ve Tonyukuk Bayg\u00fcl de bu gurur verici ba\u015far\u0131ya ortak oldular. Zorlu t\u0131rman\u0131\u015f\u0131n ard\u0131ndan da\u011fc\u0131lara rehberlik \u015firketi taraf\u0131ndan ba\u015far\u0131 belgeleri takdim edildi. Bu zorlu do\u011fa sporunda g\u00f6sterdikleri azim ve ba\u015far\u0131dan dolay\u0131 K\u00fctahya\u2019y\u0131 temsil eden da\u011fc\u0131lar takdir toplad\u0131.<br \/><\/p>\n","protected":false},"excerpt":{"rendered":"<p>K\u00fctahya\u2019dan \u00fc\u00e7 da\u011fc\u0131, T\u00fcrkiye\u2019nin en y\u00fcksek noktas\u0131 olan A\u011fr\u0131 Da\u011f\u0131\u2019n\u0131n zirvesine t\u0131rmanarak b\u00fcy\u00fck bir ba\u015far\u0131ya imza att\u0131. Farkl\u0131 da\u011fc\u0131lardan olu\u015fan bir ekiple bir araya gelen ve mauntararattrek rehberli\u011finde ger\u00e7ekle\u015ftirilen bu zorlu t\u0131rman\u0131\u015f, da\u011fc\u0131lar i\u00e7in unutulmaz bir deneyim oldu. T\u0131rman\u0131\u015fla ilgili bilgi veren K\u00fctahya Emet il\u00e7esi S\u00fclye k\u00f6y\u00fcnden Ali \u015een, t\u0131rman\u0131\u015f\u0131n a\u015famalar\u0131n\u0131 anlatt\u0131. \u0130lk g\u00fcn 2200&#8230;<\/p>\n","protected":false},"author":1,"featured_media":49382,"comment_status":"open","ping_status":"open","sticky":false,"template":"","format":"standard","meta":{"_crdt_document":"","footnotes":""},"categories":[1],"tags":[],"class_list":["post-49381","post","type-post","status-publish","format-standard","has-post-thumbnail","hentry","category-guncel"],"_links":{"self":[{"href":"https:\/\/www.egemtv.com\/index.php?rest_route=\/wp\/v2\/posts\/49381","targetHints":{"allow":["GET"]}}],"collection":[{"href":"https:\/\/www.egemtv.com\/index.php?rest_route=\/wp\/v2\/posts"}],"about":[{"href":"https:\/\/www.egemtv.com\/index.php?rest_route=\/wp\/v2\/types\/post"}],"author":[{"embeddable":true,"href":"https:\/\/www.egemtv.com\/index.php?rest_route=\/wp\/v2\/users\/1"}],"replies":[{"embeddable":true,"href":"https:\/\/www.egemtv.com\/index.php?rest_route=%2Fwp%2Fv2%2Fcomments&post=49381"}],"version-history":[{"count":1,"href":"https:\/\/www.egemtv.com\/index.php?rest_route=\/wp\/v2\/posts\/49381\/revisions"}],"predecessor-version":[{"id":49383,"href":"https:\/\/www.egemtv.com\/index.php?rest_route=\/wp\/v2\/posts\/49381\/revisions\/49383"}],"wp:featuredmedia":[{"embeddable":true,"href":"https:\/\/www.egemtv.com\/index.php?rest_route=\/wp\/v2\/media\/49382"}],"wp:attachment":[{"href":"https:\/\/www.egemtv.com\/index.php?rest_route=%2Fwp%2Fv2%2Fmedia&parent=49381"}],"wp:term":[{"taxonomy":"category","embeddable":true,"href":"https:\/\/www.egemtv.com\/index.php?rest_route=%2Fwp%2Fv2%2Fcategories&post=49381"},{"taxonomy":"post_tag","embeddable":true,"href":"https:\/\/www.egemtv.com\/index.php?rest_route=%2Fwp%2Fv2%2Ftags&post=49381"}],"curies":[{"name":"wp","href":"https:\/\/api.w.org\/{rel}","templated":true}]}}