{"id":49378,"date":"2025-08-17T12:56:42","date_gmt":"2025-08-17T09:56:42","guid":{"rendered":"https:\/\/www.egemtv.com\/?p=49378"},"modified":"2025-08-17T12:56:43","modified_gmt":"2025-08-17T09:56:43","slug":"seyir-halindeki-minibusten-dusen-ebe-hayatini-kaybetti","status":"publish","type":"post","link":"https:\/\/www.egemtv.com\/?p=49378","title":{"rendered":"Seyir halindeki minib\u00fcsten d\u00fc\u015fen ebe hayat\u0131n\u0131 kaybetti"},"content":{"rendered":"<p>Ayd\u0131n\u2019\u0131n S\u00f6ke il\u00e7esinde yolculuk yapt\u0131\u011f\u0131 minib\u00fcs\u00fcn kap\u0131n\u0131n a\u00e7\u0131k olmas\u0131 nedeniyle ara\u00e7tan d\u00fc\u015fen Ceylan a\u011f\u0131r yaral\u0131 olarak kald\u0131r\u0131ld\u0131\u011f\u0131 hastanede hayat\u0131n\u0131 kaybetti.<br \/>\n<br \/>Olay, ge\u00e7ti\u011fimiz g\u00fcn Ba\u011faras\u0131 Mahallesi\u2019nde meydana geldi. Edinilen bilgiye g\u00f6re, S\u00f6ke 3 No\u2019lu Aile Sa\u011fl\u0131\u011f\u0131 Merkezi personellerinden Ebe Ay\u015fe Ceylan (45) S.K. idaresindeki 09 M 2540 plakal\u0131 minib\u00fcs ile yolculuk yapt\u0131. Ceylan minib\u00fcsten inmek i\u00e7in aya\u011fa kalk\u0131\u011f\u0131 s\u0131rada dengesinin kaybederek seyir halinde olan minib\u00fcs\u00fcn kap\u0131s\u0131n\u0131n a\u00e7\u0131k olmas\u0131 nedeniyle ara\u00e7tan d\u00fc\u015ferek a\u011f\u0131r yaraland\u0131. 112 Acil \u00c7a\u011fr\u0131 Merkezi\u2019ne yap\u0131lan ihbar \u00fczerine h\u0131zla olay yerine gelen sa\u011fl\u0131k ekipleri Ceylan\u2019a ilk m\u00fcdahaleyi yaparak ambulansla hastaneye kald\u0131rd\u0131. Adnan Menderes \u00dcniversitesi Uygulama ve Ara\u015ft\u0131rma Hastanesi\u2019ne sevk edilen Ceylan doktorlar\u0131n t\u00fcm \u00e7abalar\u0131na ra\u011fmen kurtar\u0131lamayarak hayat\u0131n\u0131 kaybetti. Ceylan\u2019\u0131n \u00f6l\u00fcm haberi ailesi, \u00e7al\u0131\u015fma arkada\u015flar\u0131 ve t\u00fcm sevenlerini yasa bo\u011fdu. \u00d6te yandan minib\u00fcs \u015fof\u00f6r\u00fc S.K.\u2019n\u0131n da jandarma ekipleri taraf\u0131ndan g\u00f6zalt\u0131na al\u0131nd\u0131\u011f\u0131 \u00f6\u011frenildi.<br \/>\n<br \/>Olayla ilgili soru\u015fturma s\u00fcr\u00fcyor.<br \/><\/p>\n","protected":false},"excerpt":{"rendered":"<p>Ayd\u0131n\u2019\u0131n S\u00f6ke il\u00e7esinde yolculuk yapt\u0131\u011f\u0131 minib\u00fcs\u00fcn kap\u0131n\u0131n a\u00e7\u0131k olmas\u0131 nedeniyle ara\u00e7tan d\u00fc\u015fen Ceylan a\u011f\u0131r yaral\u0131 olarak kald\u0131r\u0131ld\u0131\u011f\u0131 hastanede hayat\u0131n\u0131 kaybetti. Olay, ge\u00e7ti\u011fimiz g\u00fcn Ba\u011faras\u0131 Mahallesi\u2019nde meydana geldi. Edinilen bilgiye g\u00f6re, S\u00f6ke 3 No\u2019lu Aile Sa\u011fl\u0131\u011f\u0131 Merkezi personellerinden Ebe Ay\u015fe Ceylan (45) S.K. idaresindeki 09 M 2540 plakal\u0131 minib\u00fcs ile yolculuk yapt\u0131. Ceylan minib\u00fcsten inmek i\u00e7in&#8230;<\/p>\n","protected":false},"author":1,"featured_media":49379,"comment_status":"open","ping_status":"open","sticky":false,"template":"","format":"standard","meta":{"_crdt_document":"","footnotes":""},"categories":[5],"tags":[],"class_list":["post-49378","post","type-post","status-publish","format-standard","has-post-thumbnail","hentry","category-asayis"],"_links":{"self":[{"href":"https:\/\/www.egemtv.com\/index.php?rest_route=\/wp\/v2\/posts\/49378","targetHints":{"allow":["GET"]}}],"collection":[{"href":"https:\/\/www.egemtv.com\/index.php?rest_route=\/wp\/v2\/posts"}],"about":[{"href":"https:\/\/www.egemtv.com\/index.php?rest_route=\/wp\/v2\/types\/post"}],"author":[{"embeddable":true,"href":"https:\/\/www.egemtv.com\/index.php?rest_route=\/wp\/v2\/users\/1"}],"replies":[{"embeddable":true,"href":"https:\/\/www.egemtv.com\/index.php?rest_route=%2Fwp%2Fv2%2Fcomments&post=49378"}],"version-history":[{"count":1,"href":"https:\/\/www.egemtv.com\/index.php?rest_route=\/wp\/v2\/posts\/49378\/revisions"}],"predecessor-version":[{"id":49380,"href":"https:\/\/www.egemtv.com\/index.php?rest_route=\/wp\/v2\/posts\/49378\/revisions\/49380"}],"wp:featuredmedia":[{"embeddable":true,"href":"https:\/\/www.egemtv.com\/index.php?rest_route=\/wp\/v2\/media\/49379"}],"wp:attachment":[{"href":"https:\/\/www.egemtv.com\/index.php?rest_route=%2Fwp%2Fv2%2Fmedia&parent=49378"}],"wp:term":[{"taxonomy":"category","embeddable":true,"href":"https:\/\/www.egemtv.com\/index.php?rest_route=%2Fwp%2Fv2%2Fcategories&post=49378"},{"taxonomy":"post_tag","embeddable":true,"href":"https:\/\/www.egemtv.com\/index.php?rest_route=%2Fwp%2Fv2%2Ftags&post=49378"}],"curies":[{"name":"wp","href":"https:\/\/api.w.org\/{rel}","templated":true}]}}