{"id":49375,"date":"2025-08-17T12:56:42","date_gmt":"2025-08-17T09:56:42","guid":{"rendered":"https:\/\/www.egemtv.com\/?p=49375"},"modified":"2025-08-17T12:56:42","modified_gmt":"2025-08-17T09:56:42","slug":"sandiklispor-bal-ligine-katilmama-karari-aldi","status":"publish","type":"post","link":"https:\/\/www.egemtv.com\/?p=49375","title":{"rendered":"Sand\u0131kl\u0131spor, BAL ligine kat\u0131lmama karar\u0131 ald\u0131"},"content":{"rendered":"<p>Afyonkarahisar tak\u0131mlar\u0131ndan Sand\u0131kl\u0131spor, 2025-2026 sezonunda B\u00f6lgesel Amat\u00f6r Lig\u2019e (BAL) kat\u0131lmama karar\u0131 ald\u0131.<br \/>\n<br \/>Sand\u0131kl\u0131spor, 2025-2026 sezonunda B\u00f6lgesel Amat\u00f6r Lig\u2019e (BAL) kat\u0131lmayaca\u011f\u0131n\u0131 duyurdu. Kul\u00fcpten yap\u0131lan yaz\u0131l\u0131 a\u00e7\u0131klamada, &#8220;B\u00f6lgesel Amat\u00f6r Ligi\u2019nde (BAL) artan maliyetler ve 136 tak\u0131mdan 5 tanesinin 3. lige \u00e7\u0131kma ihtimali bizi bu yar\u0131\u015f\u0131n d\u0131\u015f\u0131nda olmaya zorlad\u0131, daha sonraki y\u0131llarda alt yap\u0131ya \u00f6nem vererek daha g\u00fc\u00e7l\u00fc \u015fekilde futbolun i\u00e7inde olacakt\u0131r&#8221; ifadelerine yer verildi.<br \/>\n<br \/>Sand\u0131kl\u0131spor ge\u00e7ti\u011fimiz sene B\u00f6lgesel Amat\u00f6r Ligi (BAL) 7. s\u0131rada bitirmi\u015fti.<br \/><\/p>\n","protected":false},"excerpt":{"rendered":"<p>Afyonkarahisar tak\u0131mlar\u0131ndan Sand\u0131kl\u0131spor, 2025-2026 sezonunda B\u00f6lgesel Amat\u00f6r Lig\u2019e (BAL) kat\u0131lmama karar\u0131 ald\u0131. Sand\u0131kl\u0131spor, 2025-2026 sezonunda B\u00f6lgesel Amat\u00f6r Lig\u2019e (BAL) kat\u0131lmayaca\u011f\u0131n\u0131 duyurdu. Kul\u00fcpten yap\u0131lan yaz\u0131l\u0131 a\u00e7\u0131klamada, &#8220;B\u00f6lgesel Amat\u00f6r Ligi\u2019nde (BAL) artan maliyetler ve 136 tak\u0131mdan 5 tanesinin 3. lige \u00e7\u0131kma ihtimali bizi bu yar\u0131\u015f\u0131n d\u0131\u015f\u0131nda olmaya zorlad\u0131, daha sonraki y\u0131llarda alt yap\u0131ya \u00f6nem vererek daha g\u00fc\u00e7l\u00fc&#8230;<\/p>\n","protected":false},"author":1,"featured_media":49376,"comment_status":"open","ping_status":"open","sticky":false,"template":"","format":"standard","meta":{"_crdt_document":"","footnotes":""},"categories":[4],"tags":[],"class_list":["post-49375","post","type-post","status-publish","format-standard","has-post-thumbnail","hentry","category-spor"],"_links":{"self":[{"href":"https:\/\/www.egemtv.com\/index.php?rest_route=\/wp\/v2\/posts\/49375","targetHints":{"allow":["GET"]}}],"collection":[{"href":"https:\/\/www.egemtv.com\/index.php?rest_route=\/wp\/v2\/posts"}],"about":[{"href":"https:\/\/www.egemtv.com\/index.php?rest_route=\/wp\/v2\/types\/post"}],"author":[{"embeddable":true,"href":"https:\/\/www.egemtv.com\/index.php?rest_route=\/wp\/v2\/users\/1"}],"replies":[{"embeddable":true,"href":"https:\/\/www.egemtv.com\/index.php?rest_route=%2Fwp%2Fv2%2Fcomments&post=49375"}],"version-history":[{"count":1,"href":"https:\/\/www.egemtv.com\/index.php?rest_route=\/wp\/v2\/posts\/49375\/revisions"}],"predecessor-version":[{"id":49377,"href":"https:\/\/www.egemtv.com\/index.php?rest_route=\/wp\/v2\/posts\/49375\/revisions\/49377"}],"wp:featuredmedia":[{"embeddable":true,"href":"https:\/\/www.egemtv.com\/index.php?rest_route=\/wp\/v2\/media\/49376"}],"wp:attachment":[{"href":"https:\/\/www.egemtv.com\/index.php?rest_route=%2Fwp%2Fv2%2Fmedia&parent=49375"}],"wp:term":[{"taxonomy":"category","embeddable":true,"href":"https:\/\/www.egemtv.com\/index.php?rest_route=%2Fwp%2Fv2%2Fcategories&post=49375"},{"taxonomy":"post_tag","embeddable":true,"href":"https:\/\/www.egemtv.com\/index.php?rest_route=%2Fwp%2Fv2%2Ftags&post=49375"}],"curies":[{"name":"wp","href":"https:\/\/api.w.org\/{rel}","templated":true}]}}