{"id":49372,"date":"2025-08-17T12:56:41","date_gmt":"2025-08-17T09:56:41","guid":{"rendered":"https:\/\/www.egemtv.com\/?p=49372"},"modified":"2025-08-17T12:56:42","modified_gmt":"2025-08-17T09:56:42","slug":"goztepe-ilk-ic-saha-macinda-begeni-topladi","status":"publish","type":"post","link":"https:\/\/www.egemtv.com\/?p=49372","title":{"rendered":"G\u00f6ztepe, ilk i\u00e7 saha ma\u00e7\u0131nda be\u011feni toplad\u0131"},"content":{"rendered":"<p>G\u00f6ztepe, Trendyol S\u00fcper Lig\u2019de 2025-2026 sezonunun ilk i\u00e7 saha ma\u00e7\u0131nda Fenerbah\u00e7e ile gols\u00fcz berabere kalarak 1 puan alsa da, sergiledi\u011fi performansla be\u011feni toplad\u0131.<br \/>\n<br \/>Trendyol S\u00fcper Lig\u2019in iddial\u0131 ekiplerinden G\u00f6ztepe, g\u00f6sterdi\u011fi performansla ad\u0131ndan s\u00f6z ettirmeye devam ediyor. \u0130zmir ekibi ligin ilk 2 haftas\u0131nda \u00f6nemli i\u015flere imza att\u0131. Ge\u00e7ti\u011fimiz hafta oynanan ilk ma\u00e7ta \u00c7aykur Rizespor\u2019u 3-0 ma\u011flup eden Stanimir Stoilov\u2019un \u00f6\u011frencileri, bu hafta da Fenerbah\u00e7e ile G\u00fcrsel Aksel Stadyumu\u2019nda gols\u00fcz berabere kald\u0131. 61. dakikada 10 ki\u015fi kalmas\u0131na ra\u011fmen sahada g\u00f6sterdi\u011fi oyun ve m\u00fccadeleyle 1 puan almay\u0131 ba\u015faran G\u00f6ztepe, 2025-2026 sezonunun ilk i\u00e7 saha ma\u00e7\u0131nda taraftarlar\u0131n\u0131 memnun etti. B\u00f6ylece \u0130zmir ekibi, ilk iki ma\u00e7\u0131nda 4 puan toplayarak yenilgisiz bir \u015fekilde yoluna devam ediyor.<\/p>\n<p>Taraftardan tak\u0131mlar\u0131na destek<br \/>\n<br \/>G\u00fcrsel Aksel Stadyumu\u2019nda Fenerbah\u00e7e ile 0-0 berabere kalan G\u00f6ztepe\u2019de taraftarlar tak\u0131mlar\u0131n\u0131 ba\u011fr\u0131na bast\u0131. Ma\u00e7\u0131n bitimiyle birlikte t\u00fcm oyuncular\u0131n\u0131 trib\u00fcne \u00e7a\u011f\u0131ran sar\u0131-k\u0131rm\u0131z\u0131l\u0131 taraftarlar, oyunculara performanslar\u0131ndan memnun olduklar\u0131n\u0131 dile getiren tezah\u00fcratlar yapt\u0131. Sosyal medyada da G\u00f6ztepe\u2019nin sergiledi\u011fi oyun bir\u00e7ok futbolsever taraf\u0131ndan be\u011fenilirken, Fenerbah\u00e7e Teknik Direkt\u00f6r\u00fc Jose Mourinho da, &#8220;Duvar gibi savunma yapt\u0131lar. Hem oyuncular\u0131n\u0131n hem de teknik direkt\u00f6rlerinin hakk\u0131n\u0131 vermek laz\u0131m. Geride be\u015fli savunma yap\u0131yorlard\u0131. \u00dc\u00e7 savunmac\u0131lar\u0131n\u0131n biri 1.90, biri 1.91, di\u011feri ise 1.89 boyundayd\u0131. Orta saha oyuncular\u0131 da \u00e7ok fazla ko\u015fuyordu. Her top i\u00e7in, her ikili m\u00fccadelede \u0131s\u0131rarak oynuyorlard\u0131. B\u00f6yle oldu\u011fu zaman da onlara kar\u015f\u0131 oynamak her zaman zor oluyor&#8221; ifadelerine yer verdi.<\/p>\n<p>Lis, kendini affettirdi<br \/>\n<br \/>Ge\u00e7ti\u011fimiz sezonun b\u00fcy\u00fck bir b\u00f6l\u00fcm\u00fcnde ele\u015ftirilerin odak noktas\u0131 olan kaleci Mateusz Lis, Fenerbah\u00e7e ma\u00e7\u0131n\u0131n 90+4. dakikas\u0131nda kurtard\u0131\u011f\u0131 penalt\u0131yla sar\u0131-k\u0131rm\u0131z\u0131l\u0131 taraftarlara kendisini affettirdi. Polonyal\u0131 file bek\u00e7isinin kaledeki yerini daha da sa\u011flamla\u015ft\u0131rd\u0131\u011f\u0131 ifade edildi. 28 ya\u015f\u0131ndaki kaleci, ligin ilk iki ma\u00e7\u0131nda kalesini gole kapatarak \u015fimdiden \u00f6nemli i\u015flere imza att\u0131.<br \/><\/p>\n","protected":false},"excerpt":{"rendered":"<p>G\u00f6ztepe, Trendyol S\u00fcper Lig\u2019de 2025-2026 sezonunun ilk i\u00e7 saha ma\u00e7\u0131nda Fenerbah\u00e7e ile gols\u00fcz berabere kalarak 1 puan alsa da, sergiledi\u011fi performansla be\u011feni toplad\u0131. Trendyol S\u00fcper Lig\u2019in iddial\u0131 ekiplerinden G\u00f6ztepe, g\u00f6sterdi\u011fi performansla ad\u0131ndan s\u00f6z ettirmeye devam ediyor. \u0130zmir ekibi ligin ilk 2 haftas\u0131nda \u00f6nemli i\u015flere imza att\u0131. Ge\u00e7ti\u011fimiz hafta oynanan ilk ma\u00e7ta \u00c7aykur Rizespor\u2019u 3-0 ma\u011flup&#8230;<\/p>\n","protected":false},"author":1,"featured_media":49373,"comment_status":"open","ping_status":"open","sticky":false,"template":"","format":"standard","meta":{"_crdt_document":"","footnotes":""},"categories":[4],"tags":[],"class_list":["post-49372","post","type-post","status-publish","format-standard","has-post-thumbnail","hentry","category-spor"],"_links":{"self":[{"href":"https:\/\/www.egemtv.com\/index.php?rest_route=\/wp\/v2\/posts\/49372","targetHints":{"allow":["GET"]}}],"collection":[{"href":"https:\/\/www.egemtv.com\/index.php?rest_route=\/wp\/v2\/posts"}],"about":[{"href":"https:\/\/www.egemtv.com\/index.php?rest_route=\/wp\/v2\/types\/post"}],"author":[{"embeddable":true,"href":"https:\/\/www.egemtv.com\/index.php?rest_route=\/wp\/v2\/users\/1"}],"replies":[{"embeddable":true,"href":"https:\/\/www.egemtv.com\/index.php?rest_route=%2Fwp%2Fv2%2Fcomments&post=49372"}],"version-history":[{"count":1,"href":"https:\/\/www.egemtv.com\/index.php?rest_route=\/wp\/v2\/posts\/49372\/revisions"}],"predecessor-version":[{"id":49374,"href":"https:\/\/www.egemtv.com\/index.php?rest_route=\/wp\/v2\/posts\/49372\/revisions\/49374"}],"wp:featuredmedia":[{"embeddable":true,"href":"https:\/\/www.egemtv.com\/index.php?rest_route=\/wp\/v2\/media\/49373"}],"wp:attachment":[{"href":"https:\/\/www.egemtv.com\/index.php?rest_route=%2Fwp%2Fv2%2Fmedia&parent=49372"}],"wp:term":[{"taxonomy":"category","embeddable":true,"href":"https:\/\/www.egemtv.com\/index.php?rest_route=%2Fwp%2Fv2%2Fcategories&post=49372"},{"taxonomy":"post_tag","embeddable":true,"href":"https:\/\/www.egemtv.com\/index.php?rest_route=%2Fwp%2Fv2%2Ftags&post=49372"}],"curies":[{"name":"wp","href":"https:\/\/api.w.org\/{rel}","templated":true}]}}