{"id":49369,"date":"2025-08-17T12:56:40","date_gmt":"2025-08-17T09:56:40","guid":{"rendered":"https:\/\/www.egemtv.com\/?p=49369"},"modified":"2025-08-17T12:56:41","modified_gmt":"2025-08-17T09:56:41","slug":"seyitler-barajinda-yuzlerce-olu-balik-goruntulendi","status":"publish","type":"post","link":"https:\/\/www.egemtv.com\/?p=49369","title":{"rendered":"Seyitler Baraj\u0131\u2019nda y\u00fczlerce \u00f6l\u00fc bal\u0131k g\u00f6r\u00fcnt\u00fclendi"},"content":{"rendered":"<p>Afyonkarahisar\u2019da bulunan Seyitler Baraj\u0131\u2019nda y\u00fczlerce bal\u0131k \u00f6l\u00fc bir \u015fekilde hem havadan hem de karadan g\u00f6r\u00fcnt\u00fclendi.<br \/>\n<br \/>Gebeceler Mahallesi\u2019ne ba\u011fl\u0131 olan Seyitler Baraj\u0131\u2019nda y\u00fczerce bal\u0131k \u00f6l\u00fc olarak g\u00f6r\u00fcnt\u00fclendi. Hayvanlar\u0131n \u00f6l\u00fcm nedenleri ise sudaki oksijenin yetersiz olmas\u0131 olarak belirtildi. Bu duruma sebebiyet veren etkenlerin ise hava s\u0131cakl\u0131klar\u0131n\u0131n mevsim normallerinin \u00fczerinde seyretmesi ve ya\u011fmur ya\u011f\u0131\u015flar\u0131n\u0131n yeterli seviyede ger\u00e7ekle\u015fmemesi oldu\u011fu aktar\u0131ld\u0131.<\/p>\n<p>&#8220;Oksijensizlikten dolay\u0131 bal\u0131klar \u00f6ld\u00fc&#8221;<br \/>\n<br \/>Afyonkarahisar Gebeceler Kooperatif Ba\u015fkan Yard\u0131mc\u0131s\u0131 Serdal \u00c7akal ise olu\u015fan bu durum hakk\u0131nda, &#8220;Bir tak\u0131m bal\u0131k \u00f6l\u00fcmleri oldu. Bu bal\u0131klar tatl\u0131 su levre\u011fi olarak ge\u00e7iyor. Buras\u0131 tamamen oksijene ba\u011fl\u0131 bir g\u00f6l. Yapay de\u011fil, tamamen do\u011fal bir g\u00f6l. Bu nedenle oksijensizlikten dolay\u0131 bal\u0131klar \u00f6ld\u00fc. Bizimle ilgili bir s\u0131k\u0131nt\u0131 yok, tamamen oksijensizlikten kaynakland\u0131. Afyonkarahisar \u0130l Tar\u0131m ve Orman M\u00fcd\u00fcrl\u00fc\u011f\u00fc geldi, ara\u015ft\u0131rd\u0131. Suyun s\u0131cak oldu\u011funu ve oksijensiz kald\u0131\u011f\u0131n\u0131 s\u00f6ylediler. Sudan analiz i\u00e7in numune ald\u0131lar ve laboratuvara g\u00f6t\u00fcrd\u00fcler. Dedi\u011fim gibi, bu durum oksijen eksikli\u011fi ve s\u0131ca\u011fa ba\u011fl\u0131. Bu sene \u00e7ok s\u0131cak ge\u00e7ti, ya\u011fmur ve ya\u011f\u0131\u015f olmad\u0131, su sirk\u00fclasyonu sa\u011flanamad\u0131 ve bu y\u00fczden istemeden oksijensizlik meydana geldi&#8221; dedi.<br \/><\/p>\n","protected":false},"excerpt":{"rendered":"<p>Afyonkarahisar\u2019da bulunan Seyitler Baraj\u0131\u2019nda y\u00fczlerce bal\u0131k \u00f6l\u00fc bir \u015fekilde hem havadan hem de karadan g\u00f6r\u00fcnt\u00fclendi. Gebeceler Mahallesi\u2019ne ba\u011fl\u0131 olan Seyitler Baraj\u0131\u2019nda y\u00fczerce bal\u0131k \u00f6l\u00fc olarak g\u00f6r\u00fcnt\u00fclendi. Hayvanlar\u0131n \u00f6l\u00fcm nedenleri ise sudaki oksijenin yetersiz olmas\u0131 olarak belirtildi. Bu duruma sebebiyet veren etkenlerin ise hava s\u0131cakl\u0131klar\u0131n\u0131n mevsim normallerinin \u00fczerinde seyretmesi ve ya\u011fmur ya\u011f\u0131\u015flar\u0131n\u0131n yeterli seviyede ger\u00e7ekle\u015fmemesi oldu\u011fu&#8230;<\/p>\n","protected":false},"author":1,"featured_media":49370,"comment_status":"open","ping_status":"open","sticky":false,"template":"","format":"standard","meta":{"_crdt_document":"","footnotes":""},"categories":[1],"tags":[],"class_list":["post-49369","post","type-post","status-publish","format-standard","has-post-thumbnail","hentry","category-guncel"],"_links":{"self":[{"href":"https:\/\/www.egemtv.com\/index.php?rest_route=\/wp\/v2\/posts\/49369","targetHints":{"allow":["GET"]}}],"collection":[{"href":"https:\/\/www.egemtv.com\/index.php?rest_route=\/wp\/v2\/posts"}],"about":[{"href":"https:\/\/www.egemtv.com\/index.php?rest_route=\/wp\/v2\/types\/post"}],"author":[{"embeddable":true,"href":"https:\/\/www.egemtv.com\/index.php?rest_route=\/wp\/v2\/users\/1"}],"replies":[{"embeddable":true,"href":"https:\/\/www.egemtv.com\/index.php?rest_route=%2Fwp%2Fv2%2Fcomments&post=49369"}],"version-history":[{"count":1,"href":"https:\/\/www.egemtv.com\/index.php?rest_route=\/wp\/v2\/posts\/49369\/revisions"}],"predecessor-version":[{"id":49371,"href":"https:\/\/www.egemtv.com\/index.php?rest_route=\/wp\/v2\/posts\/49369\/revisions\/49371"}],"wp:featuredmedia":[{"embeddable":true,"href":"https:\/\/www.egemtv.com\/index.php?rest_route=\/wp\/v2\/media\/49370"}],"wp:attachment":[{"href":"https:\/\/www.egemtv.com\/index.php?rest_route=%2Fwp%2Fv2%2Fmedia&parent=49369"}],"wp:term":[{"taxonomy":"category","embeddable":true,"href":"https:\/\/www.egemtv.com\/index.php?rest_route=%2Fwp%2Fv2%2Fcategories&post=49369"},{"taxonomy":"post_tag","embeddable":true,"href":"https:\/\/www.egemtv.com\/index.php?rest_route=%2Fwp%2Fv2%2Ftags&post=49369"}],"curies":[{"name":"wp","href":"https:\/\/api.w.org\/{rel}","templated":true}]}}