{"id":49366,"date":"2025-08-17T12:16:19","date_gmt":"2025-08-17T09:16:19","guid":{"rendered":"https:\/\/www.egemtv.com\/?p=49366"},"modified":"2025-08-17T12:16:20","modified_gmt":"2025-08-17T09:16:20","slug":"tavsanlida-trafik-kazasi-5-yarali","status":"publish","type":"post","link":"https:\/\/www.egemtv.com\/?p=49366","title":{"rendered":"Tav\u015fanl\u0131\u2019da trafik kazas\u0131: 5 yaral\u0131"},"content":{"rendered":"<p>K\u00fctahya\u2019n\u0131n Tav\u015fanl\u0131-Domani\u00e7 karayolunda iki otomobilin \u00e7arp\u0131\u015fmas\u0131 sonucu trafik kazas\u0131 meydana geldi. Kaza, Tav\u015fanl\u0131 Domani\u00e7 karayolu Kayaaras\u0131 K\u00f6y\u00fc giri\u015finde meydana geldi. T.A. idaresindeki 43 HY 716  plakal\u0131 otomobil ile Tav\u015fanl\u0131\u2019dan Domani\u00e7 istikametine seyir halinde olan M.C. idaresindeki plakas\u0131  al\u0131namayan otomobil ile \u00e7arp\u0131\u015fmas\u0131 sonucu  trafik kazas\u0131  meydana geldi. Kaza ihbar\u0131 \u00fczerine belirtilen yere 112  acil servis ekipleri sevk edildi.<br \/>\n<br \/>Meydana gelen kazada her iki  otomobilin s\u00fcr\u00fcc\u00fcs\u00fc ile otomobillerde yolcu konumunda bulunan G.K., B.K. ve B.C. yaraland\u0131. Yaral\u0131lar 112  acil servis ekiplerinin olay yerinde ilk m\u00fcdahalesinin ard\u0131ndan Tav\u015fanl\u0131 Do\u00e7. Dr. Mustafa Kalemli Devlet Hastanesine kald\u0131r\u0131ld\u0131.<br \/><\/p>\n","protected":false},"excerpt":{"rendered":"<p>K\u00fctahya\u2019n\u0131n Tav\u015fanl\u0131-Domani\u00e7 karayolunda iki otomobilin \u00e7arp\u0131\u015fmas\u0131 sonucu trafik kazas\u0131 meydana geldi. Kaza, Tav\u015fanl\u0131 Domani\u00e7 karayolu Kayaaras\u0131 K\u00f6y\u00fc giri\u015finde meydana geldi. T.A. idaresindeki 43 HY 716 plakal\u0131 otomobil ile Tav\u015fanl\u0131\u2019dan Domani\u00e7 istikametine seyir halinde olan M.C. idaresindeki plakas\u0131 al\u0131namayan otomobil ile \u00e7arp\u0131\u015fmas\u0131 sonucu trafik kazas\u0131 meydana geldi. Kaza ihbar\u0131 \u00fczerine belirtilen yere 112 acil servis ekipleri&#8230;<\/p>\n","protected":false},"author":1,"featured_media":49367,"comment_status":"open","ping_status":"open","sticky":false,"template":"","format":"standard","meta":{"_crdt_document":"","footnotes":""},"categories":[5],"tags":[],"class_list":["post-49366","post","type-post","status-publish","format-standard","has-post-thumbnail","hentry","category-asayis"],"_links":{"self":[{"href":"https:\/\/www.egemtv.com\/index.php?rest_route=\/wp\/v2\/posts\/49366","targetHints":{"allow":["GET"]}}],"collection":[{"href":"https:\/\/www.egemtv.com\/index.php?rest_route=\/wp\/v2\/posts"}],"about":[{"href":"https:\/\/www.egemtv.com\/index.php?rest_route=\/wp\/v2\/types\/post"}],"author":[{"embeddable":true,"href":"https:\/\/www.egemtv.com\/index.php?rest_route=\/wp\/v2\/users\/1"}],"replies":[{"embeddable":true,"href":"https:\/\/www.egemtv.com\/index.php?rest_route=%2Fwp%2Fv2%2Fcomments&post=49366"}],"version-history":[{"count":1,"href":"https:\/\/www.egemtv.com\/index.php?rest_route=\/wp\/v2\/posts\/49366\/revisions"}],"predecessor-version":[{"id":49368,"href":"https:\/\/www.egemtv.com\/index.php?rest_route=\/wp\/v2\/posts\/49366\/revisions\/49368"}],"wp:featuredmedia":[{"embeddable":true,"href":"https:\/\/www.egemtv.com\/index.php?rest_route=\/wp\/v2\/media\/49367"}],"wp:attachment":[{"href":"https:\/\/www.egemtv.com\/index.php?rest_route=%2Fwp%2Fv2%2Fmedia&parent=49366"}],"wp:term":[{"taxonomy":"category","embeddable":true,"href":"https:\/\/www.egemtv.com\/index.php?rest_route=%2Fwp%2Fv2%2Fcategories&post=49366"},{"taxonomy":"post_tag","embeddable":true,"href":"https:\/\/www.egemtv.com\/index.php?rest_route=%2Fwp%2Fv2%2Ftags&post=49366"}],"curies":[{"name":"wp","href":"https:\/\/api.w.org\/{rel}","templated":true}]}}