{"id":49345,"date":"2025-08-17T10:36:31","date_gmt":"2025-08-17T07:36:31","guid":{"rendered":"https:\/\/www.egemtv.com\/?p=49345"},"modified":"2025-08-17T10:36:31","modified_gmt":"2025-08-17T07:36:31","slug":"yillarin-asansor-sorunu-yasli-cifti-evde-hapis-hayati-yasatiyor","status":"publish","type":"post","link":"https:\/\/www.egemtv.com\/?p=49345","title":{"rendered":"Y\u0131llar\u0131n asans\u00f6r sorunu ya\u015fl\u0131 \u00e7ifti evde hapis hayat\u0131 ya\u015fat\u0131yor"},"content":{"rendered":"<p>Isparta\u2019da 86 ya\u015f\u0131ndaki bir adam ve y\u00fcr\u00fcmekte zorluk \u00e7eken e\u015fi, apartmanlar\u0131ndaki asans\u00f6r\u00fcn y\u0131llard\u0131r \u00e7al\u0131\u015fmamas\u0131 nedeniyle evlerinden \u00e7\u0131kam\u0131yor. \u00c7ift, sorunu \u00e7\u00f6zmek istediklerinde ise ayn\u0131 binada oturan eski arsa sahibinin o\u011flundan s\u00fcrekli \u00f6l\u00fcm tehdidi ald\u0131klar\u0131n\u0131 iddia ediyor. 86 ya\u015f\u0131ndaki adam, ya\u015fad\u0131klar\u0131 ma\u011fduriyetin son bulmas\u0131 i\u00e7in yetkililerden biran \u00f6nce yard\u0131m bekliyor.<br \/>\n<br \/>Isparta\u2019da ya\u015fayan 86 ya\u015f\u0131ndaki Mehmet \u015eavkl\u0131 Y\u0131ld\u0131z ve y\u00fcr\u00fcmekte zorluk \u00e7eken 82 ya\u015f\u0131ndaki e\u015fi G\u00fcls\u00fcm Y\u0131ld\u0131z, apartmanlar\u0131nda uzun s\u00fcredir \u00e7al\u0131\u015fmayan asans\u00f6r nedeniyle adeta evlerine hapsoldu. Ya\u015fl\u0131 \u00e7ift, asans\u00f6r\u00fcn tamiri i\u00e7in defalarca giri\u015fimde bulunmalar\u0131na ra\u011fmen sorun \u00e7\u00f6z\u00fclemedi. G\u00fcnl\u00fck ihtiya\u00e7lar\u0131n\u0131 kar\u015f\u0131lamakta zorland\u0131klar\u0131n\u0131 belirten \u00e7ift, sa\u011fl\u0131k sorunlar\u0131 sebebiyle hastaneye gitmekte de g\u00fc\u00e7l\u00fck \u00e7ektiklerini s\u00f6yledi. Asans\u00f6r problemini \u00e7\u00f6zmek i\u00e7in giri\u015fimlerde bulundu\u011funu anlatan Mehmet \u015eavkl\u0131 Y\u0131ld\u0131z, bu s\u00fcre\u00e7te eski arsa sahibinin o\u011flunun kendilerine a\u011f\u0131r k\u00fcf\u00fcrler ederek \u00f6l\u00fcmle tehdit etti\u011fini \u00f6ne s\u00fcrd\u00fc.<\/p>\n<p>&#8220;E\u015fimin y\u00fcr\u00fcme imk\u00e2n\u0131 yok, asans\u00f6r bizim i\u00e7in \u015fart&#8221;<br \/>\n<br \/>Mehmet \u015eavkl\u0131 Y\u0131ld\u0131z, &#8220;Bu evi sat\u0131n alal\u0131 tam 10 y\u0131l oldu. \u015eimdiye kadar kimseyle bir sorun ya\u015famad\u0131k fakat asans\u00f6r y\u00fcz\u00fcnden bir\u00e7ok problem ya\u015fad\u0131k. Asans\u00f6r\u00fc birka\u00e7 kez yapt\u0131rd\u0131k ama s\u00fcrekli bozuldu. Her bozuldu\u011funda \u2018tekrar yapt\u0131ral\u0131m\u2019 dedim fakat apartman sakinleri ve arsa sahibinin o\u011flu kar\u015f\u0131 \u00e7\u0131kt\u0131. Bu i\u015fle sadece ben u\u011fra\u015f\u0131yorum. Ya\u015fl\u0131 e\u015fimle birlikte burada zorluk \u00e7ekiyoruz. E\u015fimin y\u00fcr\u00fcme imk\u00e2n\u0131 yok, asans\u00f6r bizim i\u00e7in \u015fart. Borcu da ben \u00fcstleniyorum, \u2018ne kadar masraf\u0131 varsa ben yapt\u0131r\u0131r\u0131m, paras\u0131n\u0131 da ben veririm\u2019 diyorum ama buna da kar\u015f\u0131 \u00e7\u0131k\u0131yorlar&#8221; dedi.<\/p>\n<p>&#8220;Biz bu evi asans\u00f6rl\u00fc diye ald\u0131k&#8221;<br \/>\n<br \/>E\u015fini hastaneye g\u00f6t\u00fcr\u00fcrken ya da d\u0131\u015far\u0131ya \u00e7\u0131kar\u0131rken zorluk ya\u015fayan Y\u0131ld\u0131z, &#8220;Ba\u015fka yard\u0131mc\u0131m yok, bu evde sadece ikimiz ya\u015f\u0131yoruz. E\u015fim bazen gece evin i\u00e7inde yere d\u00fc\u015f\u00fcyor, kald\u0131ram\u0131yorum. Ge\u00e7en g\u00fcn sabah hastaneye gitmi\u015ftim, eve geldi\u011fimde e\u015fim d\u00fc\u015fm\u00fc\u015f ve ben gelene kadar yerde kalm\u0131\u015f. Biz bu evi ald\u0131\u011f\u0131m\u0131zdan beri asans\u00f6r hi\u00e7 d\u00fczg\u00fcn \u00e7al\u0131\u015fmad\u0131. M\u00fcteahhitten alm\u0131\u015ft\u0131k, o d\u00f6nem m\u00fclk sahibi arsa kar\u015f\u0131l\u0131\u011f\u0131 vermi\u015f, biz de sat\u0131n al\u0131p malik olduk. Biz bu evi asans\u00f6rl\u00fc diye ald\u0131k As\u0131l \u015fik\u00e2yetim asans\u00f6r. Bir ara \u2018ruhsat\u0131 yok\u2019 dediler, ba\u015fka zaman \u2018ka\u00e7ak\u2019 dediler. Asans\u00f6r neden yap\u0131lm\u0131yor biz de bilmiyoruz. Ara\u015ft\u0131r\u0131yoruz, \u00e7al\u0131\u015ft\u0131r\u0131yoruz ama yine bozuluyor. Bu asans\u00f6r kendi kendine bozulmaz, birileri bozuyor. \u00d6nceden kimseyle bir problemimiz yoktu. Asans\u00f6r\u00fcn ayl\u0131k faturas\u0131n\u0131 \u00f6demek istemiyorlar. Ben \u2018hepsini ben \u00f6derim\u2019 diyorum, ona da kar\u015f\u0131 \u00e7\u0131k\u0131yorlar&#8221; ifadelerini kulland\u0131.<\/p>\n<p>&#8220;\u2018Seni yerin yedi kat alt\u0131na g\u00f6merim\u2019 diyerek \u00f6l\u00fcmle tehdit etti&#8221;<br \/>\n<br \/>Ge\u00e7ti\u011fimiz g\u00fcn m\u00fchendisleri \u00e7a\u011f\u0131rd\u0131\u011f\u0131n\u0131 ve sonra asans\u00f6rc\u00fcn\u00fcn gelip asans\u00f6r\u00fc \u00e7al\u0131\u015ft\u0131rd\u0131\u011f\u0131n\u0131 dile getiren Y\u0131ld\u0131z, &#8220;Onlar gittikten sonra arsa sahibinin o\u011flu olan bu \u015fah\u0131s kap\u0131ma gelip, \u2018Sen kimsin de asans\u00f6r\u00fc \u00e7al\u0131\u015ft\u0131r\u0131yorsun\u2019 diyerek tart\u0131\u015fma \u00e7\u0131kard\u0131. Ben de hastam oldu\u011funu s\u00f6yledim, \u2018Bana ne hastandan\u2019 diyerek bana k\u00fcfretti. Kavga \u00e7\u0131kmamas\u0131 i\u00e7in daha fazla tart\u0131\u015fmak istemedim. \u00c7\u00fcnk\u00fc kar\u015f\u0131 taraf benden g\u00fc\u00e7l\u00fc, olay b\u00fcy\u00fcse d\u00f6v\u00fc\u015fe d\u00f6n\u00fc\u015fecekti. Hatta beni \u00f6l\u00fcmle tehdit etti, \u2018Seni yerin yedi kat alt\u0131na g\u00f6merim\u2019 dedi. Bu s\u00f6zleri s\u00f6yleyen, apartman\u0131n \u00f6nceki arsa sahibinin o\u011flu. Ayr\u0131ca apartman\u0131n giri\u015f kap\u0131s\u0131n\u0131n kilidini de s\u00f6k\u00fcp bana g\u00f6sterdi. \u2018Gece kap\u0131 sesinden rahats\u0131z oluyorum, bu y\u00fczden kilidi \u00e7\u0131kard\u0131m\u2019 dedi. Ama bu durum benim can g\u00fcvenli\u011fimi tehlikeye at\u0131yor. E\u011fer eve gece birisi girse kimsenin haberi olmayacak. Benim 16 bin lira emekli maa\u015f\u0131m var, bu parayla \u00e7\u0131k\u0131p ba\u015fka yerde kira \u00f6deyip ge\u00e7inmem m\u00fcmk\u00fcn de\u011fil&#8221; \u015feklinde konu\u015ftu.<\/p>\n<p>&#8220;D\u00fcn polise gidip, \u2018Hayat\u0131m\u0131z tehlikede\u2019 diyerek \u015fik\u00e2yet\u00e7i olduk&#8221;<br \/>\n<br \/>Tek iste\u011finin asans\u00f6r\u00fcn onar\u0131lmas\u0131 oldu\u011funu belirten Y\u0131ld\u0131z, &#8220;Yetkililerin bu asans\u00f6r sorununu \u00e7\u00f6zmesi ve bize g\u00fcvenli bir ya\u015fam ortam\u0131 sa\u011flamas\u0131n\u0131 istiyorum. Ba\u015f\u0131m\u0131za bir \u015fey gelirse de sorumlusu bunlard\u0131r. D\u00fcn polise gidip, \u2018Hayat\u0131m\u0131z tehlikede\u2019 diyerek \u015fik\u00e2yet\u00e7i olduk. Art\u0131k korkarak ya\u015f\u0131yoruz&#8221; ifadelerini kulland\u0131.<br \/>\n<br \/>Yetkililerden yard\u0131m beklediklerini ifade eden ya\u015fl\u0131 \u00e7ift, hem sa\u011fl\u0131k sorunlar\u0131 hem de tehditler nedeniyle b\u00fcy\u00fck bir korku ya\u015fad\u0131klar\u0131n\u0131 dile getirdi.<br \/><\/p>\n","protected":false},"excerpt":{"rendered":"<p>Isparta\u2019da 86 ya\u015f\u0131ndaki bir adam ve y\u00fcr\u00fcmekte zorluk \u00e7eken e\u015fi, apartmanlar\u0131ndaki asans\u00f6r\u00fcn y\u0131llard\u0131r \u00e7al\u0131\u015fmamas\u0131 nedeniyle evlerinden \u00e7\u0131kam\u0131yor. \u00c7ift, sorunu \u00e7\u00f6zmek istediklerinde ise ayn\u0131 binada oturan eski arsa sahibinin o\u011flundan s\u00fcrekli \u00f6l\u00fcm tehdidi ald\u0131klar\u0131n\u0131 iddia ediyor. 86 ya\u015f\u0131ndaki adam, ya\u015fad\u0131klar\u0131 ma\u011fduriyetin son bulmas\u0131 i\u00e7in yetkililerden biran \u00f6nce yard\u0131m bekliyor. Isparta\u2019da ya\u015fayan 86 ya\u015f\u0131ndaki Mehmet \u015eavkl\u0131 Y\u0131ld\u0131z&#8230;<\/p>\n","protected":false},"author":1,"featured_media":49346,"comment_status":"open","ping_status":"open","sticky":false,"template":"","format":"standard","meta":{"_crdt_document":"","footnotes":""},"categories":[5],"tags":[],"class_list":["post-49345","post","type-post","status-publish","format-standard","has-post-thumbnail","hentry","category-asayis"],"_links":{"self":[{"href":"https:\/\/www.egemtv.com\/index.php?rest_route=\/wp\/v2\/posts\/49345","targetHints":{"allow":["GET"]}}],"collection":[{"href":"https:\/\/www.egemtv.com\/index.php?rest_route=\/wp\/v2\/posts"}],"about":[{"href":"https:\/\/www.egemtv.com\/index.php?rest_route=\/wp\/v2\/types\/post"}],"author":[{"embeddable":true,"href":"https:\/\/www.egemtv.com\/index.php?rest_route=\/wp\/v2\/users\/1"}],"replies":[{"embeddable":true,"href":"https:\/\/www.egemtv.com\/index.php?rest_route=%2Fwp%2Fv2%2Fcomments&post=49345"}],"version-history":[{"count":1,"href":"https:\/\/www.egemtv.com\/index.php?rest_route=\/wp\/v2\/posts\/49345\/revisions"}],"predecessor-version":[{"id":49347,"href":"https:\/\/www.egemtv.com\/index.php?rest_route=\/wp\/v2\/posts\/49345\/revisions\/49347"}],"wp:featuredmedia":[{"embeddable":true,"href":"https:\/\/www.egemtv.com\/index.php?rest_route=\/wp\/v2\/media\/49346"}],"wp:attachment":[{"href":"https:\/\/www.egemtv.com\/index.php?rest_route=%2Fwp%2Fv2%2Fmedia&parent=49345"}],"wp:term":[{"taxonomy":"category","embeddable":true,"href":"https:\/\/www.egemtv.com\/index.php?rest_route=%2Fwp%2Fv2%2Fcategories&post=49345"},{"taxonomy":"post_tag","embeddable":true,"href":"https:\/\/www.egemtv.com\/index.php?rest_route=%2Fwp%2Fv2%2Ftags&post=49345"}],"curies":[{"name":"wp","href":"https:\/\/api.w.org\/{rel}","templated":true}]}}