{"id":49339,"date":"2025-08-17T09:55:46","date_gmt":"2025-08-17T06:55:46","guid":{"rendered":"https:\/\/www.egemtv.com\/?p=49339"},"modified":"2025-08-17T09:55:47","modified_gmt":"2025-08-17T06:55:47","slug":"germencikte-sivrisinekle-mucadele-araliksiz-suruyor","status":"publish","type":"post","link":"https:\/\/www.egemtv.com\/?p=49339","title":{"rendered":"Germencik\u2019te sivrisinekle m\u00fccadele aral\u0131ks\u0131z s\u00fcr\u00fcyor"},"content":{"rendered":"<p>Germencik Belediyesi, yaz aylar\u0131n\u0131n gelmesiyle birlikte art\u0131\u015f g\u00f6steren sivrisineklere kar\u015f\u0131 m\u00fccadelesini s\u00fcrd\u00fcr\u00fcyor. Belediye ekipleri taraf\u0131ndan il\u00e7enin t\u00fcm mahallelerinde d\u00fczenli olarak ila\u00e7lama \u00e7al\u0131\u015fmalar\u0131 yap\u0131l\u0131yor.<\/p>\n<p>Ayd\u0131n\u2019\u0131n Germencik il\u00e7esinde belediye ekipleri, park, bah\u00e7e, sulak alan ve mahalle aralar\u0131nda yapt\u0131\u011f\u0131 uygulamalarla sivrisineklerin \u00e7o\u011falmas\u0131n\u0131n \u00f6n\u00fcne ge\u00e7meyi hedeflerken gece g\u00fcnd\u00fcz demeden \u00e7al\u0131\u015fmalar ger\u00e7ekle\u015ftiriyor. Vatanda\u015flar\u0131n sa\u011fl\u0131\u011f\u0131 ve ya\u015fam konforu i\u00e7in ila\u00e7lamalar\u0131n kesintisiz s\u00fcrd\u00fc\u011f\u00fcn\u00fc belirten Germencik Belediye Ba\u015fkan\u0131 Burak Zencirci, &#8220;\u0130l\u00e7emiz genelinde sivrisinek ila\u00e7lamalar\u0131m\u0131za kesintisiz olarak devam ediyor, t\u00fcm g\u00fczergahlarda detayl\u0131 uygulamalar yap\u0131yoruz. Hem g\u00fcnd\u00fcz hem de ak\u015fam saatlerinde y\u00fcr\u00fct\u00fclen \u00e7al\u0131\u015fmalarla vatanda\u015flar\u0131m\u0131z\u0131n yaz aylar\u0131n\u0131 huzurlu bir \u015fekilde ge\u00e7irmesi i\u00e7in gerekli tedbirleri al\u0131yoruz&#8221; dedi.<br \/><\/p>\n","protected":false},"excerpt":{"rendered":"<p>Germencik Belediyesi, yaz aylar\u0131n\u0131n gelmesiyle birlikte art\u0131\u015f g\u00f6steren sivrisineklere kar\u015f\u0131 m\u00fccadelesini s\u00fcrd\u00fcr\u00fcyor. Belediye ekipleri taraf\u0131ndan il\u00e7enin t\u00fcm mahallelerinde d\u00fczenli olarak ila\u00e7lama \u00e7al\u0131\u015fmalar\u0131 yap\u0131l\u0131yor. Ayd\u0131n\u2019\u0131n Germencik il\u00e7esinde belediye ekipleri, park, bah\u00e7e, sulak alan ve mahalle aralar\u0131nda yapt\u0131\u011f\u0131 uygulamalarla sivrisineklerin \u00e7o\u011falmas\u0131n\u0131n \u00f6n\u00fcne ge\u00e7meyi hedeflerken gece g\u00fcnd\u00fcz demeden \u00e7al\u0131\u015fmalar ger\u00e7ekle\u015ftiriyor. Vatanda\u015flar\u0131n sa\u011fl\u0131\u011f\u0131 ve ya\u015fam konforu i\u00e7in ila\u00e7lamalar\u0131n kesintisiz&#8230;<\/p>\n","protected":false},"author":1,"featured_media":49340,"comment_status":"open","ping_status":"open","sticky":false,"template":"","format":"standard","meta":{"_crdt_document":"","footnotes":""},"categories":[1],"tags":[],"class_list":["post-49339","post","type-post","status-publish","format-standard","has-post-thumbnail","hentry","category-guncel"],"_links":{"self":[{"href":"https:\/\/www.egemtv.com\/index.php?rest_route=\/wp\/v2\/posts\/49339","targetHints":{"allow":["GET"]}}],"collection":[{"href":"https:\/\/www.egemtv.com\/index.php?rest_route=\/wp\/v2\/posts"}],"about":[{"href":"https:\/\/www.egemtv.com\/index.php?rest_route=\/wp\/v2\/types\/post"}],"author":[{"embeddable":true,"href":"https:\/\/www.egemtv.com\/index.php?rest_route=\/wp\/v2\/users\/1"}],"replies":[{"embeddable":true,"href":"https:\/\/www.egemtv.com\/index.php?rest_route=%2Fwp%2Fv2%2Fcomments&post=49339"}],"version-history":[{"count":1,"href":"https:\/\/www.egemtv.com\/index.php?rest_route=\/wp\/v2\/posts\/49339\/revisions"}],"predecessor-version":[{"id":49341,"href":"https:\/\/www.egemtv.com\/index.php?rest_route=\/wp\/v2\/posts\/49339\/revisions\/49341"}],"wp:featuredmedia":[{"embeddable":true,"href":"https:\/\/www.egemtv.com\/index.php?rest_route=\/wp\/v2\/media\/49340"}],"wp:attachment":[{"href":"https:\/\/www.egemtv.com\/index.php?rest_route=%2Fwp%2Fv2%2Fmedia&parent=49339"}],"wp:term":[{"taxonomy":"category","embeddable":true,"href":"https:\/\/www.egemtv.com\/index.php?rest_route=%2Fwp%2Fv2%2Fcategories&post=49339"},{"taxonomy":"post_tag","embeddable":true,"href":"https:\/\/www.egemtv.com\/index.php?rest_route=%2Fwp%2Fv2%2Ftags&post=49339"}],"curies":[{"name":"wp","href":"https:\/\/api.w.org\/{rel}","templated":true}]}}