{"id":49336,"date":"2025-08-17T08:54:57","date_gmt":"2025-08-17T05:54:57","guid":{"rendered":"https:\/\/www.egemtv.com\/?p=49336"},"modified":"2025-08-17T08:54:58","modified_gmt":"2025-08-17T05:54:58","slug":"alacatispor-ilk-kez-basketbol-ligine-katiliyor","status":"publish","type":"post","link":"https:\/\/www.egemtv.com\/?p=49336","title":{"rendered":"Ala\u00e7at\u0131spor ilk kez basketbol ligine kat\u0131l\u0131yor"},"content":{"rendered":"<p>Ala\u00e7at\u0131spor, tarihinde ilk kez basketbol liglerine U14 ve U16 tak\u0131mlar\u0131yla kat\u0131l\u0131yor. Kul\u00fcp y\u00f6neticileri, bu ad\u0131m\u0131 y\u0131llard\u0131r hayalini kurduklar\u0131 bir projenin hayata ge\u00e7mesi olarak nitelendirdi.<br \/>\n<br \/>Gen\u00e7 sporcular, Ala\u00e7at\u0131 formas\u0131n\u0131 ta\u015f\u0131yarak hem basketbol sahas\u0131nda m\u00fccadele edecek hem de tak\u0131m ruhu, disiplin ve dayan\u0131\u015fmay\u0131 \u00f6\u011frenecek. Ala\u00e7at\u0131spor Kul\u00fcb\u00fc y\u00f6neticileri, &#8220;Bu \u00e7ocuklar sadece basketbol oynamayacak, ayn\u0131 zamanda gelece\u011fe at\u0131lm\u0131\u015f en b\u00fcy\u00fck ad\u0131mlar\u0131m\u0131zdan birini temsil edecek. Onlar sahada ter d\u00f6kerken biz de trib\u00fcnde onlar\u0131n arkas\u0131nda olaca\u011f\u0131z&#8221; a\u00e7\u0131klamas\u0131nda bulundu.<br \/>\n<br \/>Ala\u00e7at\u0131spor Kul\u00fcb\u00fc y\u00f6neticileri, basketboldaki bu yeni ba\u015flang\u0131c\u0131n sadece spor alan\u0131nda de\u011fil, Ala\u00e7at\u0131\u2019n\u0131n enerjisini yans\u0131tan bir k\u00fclt\u00fcr ad\u0131m\u0131 oldu\u011funu vurgulayarak, &#8220;Hep birlikte tarih yaz\u0131yoruz. Bu yolculuk daha yeni ba\u015fl\u0131yor, daha nicelerine haz\u0131r olun&#8221; ifadelerini kulland\u0131.<br \/><\/p>\n","protected":false},"excerpt":{"rendered":"<p>Ala\u00e7at\u0131spor, tarihinde ilk kez basketbol liglerine U14 ve U16 tak\u0131mlar\u0131yla kat\u0131l\u0131yor. Kul\u00fcp y\u00f6neticileri, bu ad\u0131m\u0131 y\u0131llard\u0131r hayalini kurduklar\u0131 bir projenin hayata ge\u00e7mesi olarak nitelendirdi. Gen\u00e7 sporcular, Ala\u00e7at\u0131 formas\u0131n\u0131 ta\u015f\u0131yarak hem basketbol sahas\u0131nda m\u00fccadele edecek hem de tak\u0131m ruhu, disiplin ve dayan\u0131\u015fmay\u0131 \u00f6\u011frenecek. Ala\u00e7at\u0131spor Kul\u00fcb\u00fc y\u00f6neticileri, &#8220;Bu \u00e7ocuklar sadece basketbol oynamayacak, ayn\u0131 zamanda gelece\u011fe at\u0131lm\u0131\u015f en&#8230;<\/p>\n","protected":false},"author":1,"featured_media":49337,"comment_status":"open","ping_status":"open","sticky":false,"template":"","format":"standard","meta":{"_crdt_document":"","footnotes":""},"categories":[4],"tags":[],"class_list":["post-49336","post","type-post","status-publish","format-standard","has-post-thumbnail","hentry","category-spor"],"_links":{"self":[{"href":"https:\/\/www.egemtv.com\/index.php?rest_route=\/wp\/v2\/posts\/49336","targetHints":{"allow":["GET"]}}],"collection":[{"href":"https:\/\/www.egemtv.com\/index.php?rest_route=\/wp\/v2\/posts"}],"about":[{"href":"https:\/\/www.egemtv.com\/index.php?rest_route=\/wp\/v2\/types\/post"}],"author":[{"embeddable":true,"href":"https:\/\/www.egemtv.com\/index.php?rest_route=\/wp\/v2\/users\/1"}],"replies":[{"embeddable":true,"href":"https:\/\/www.egemtv.com\/index.php?rest_route=%2Fwp%2Fv2%2Fcomments&post=49336"}],"version-history":[{"count":1,"href":"https:\/\/www.egemtv.com\/index.php?rest_route=\/wp\/v2\/posts\/49336\/revisions"}],"predecessor-version":[{"id":49338,"href":"https:\/\/www.egemtv.com\/index.php?rest_route=\/wp\/v2\/posts\/49336\/revisions\/49338"}],"wp:featuredmedia":[{"embeddable":true,"href":"https:\/\/www.egemtv.com\/index.php?rest_route=\/wp\/v2\/media\/49337"}],"wp:attachment":[{"href":"https:\/\/www.egemtv.com\/index.php?rest_route=%2Fwp%2Fv2%2Fmedia&parent=49336"}],"wp:term":[{"taxonomy":"category","embeddable":true,"href":"https:\/\/www.egemtv.com\/index.php?rest_route=%2Fwp%2Fv2%2Fcategories&post=49336"},{"taxonomy":"post_tag","embeddable":true,"href":"https:\/\/www.egemtv.com\/index.php?rest_route=%2Fwp%2Fv2%2Ftags&post=49336"}],"curies":[{"name":"wp","href":"https:\/\/api.w.org\/{rel}","templated":true}]}}