{"id":49333,"date":"2025-08-17T02:54:43","date_gmt":"2025-08-16T23:54:43","guid":{"rendered":"https:\/\/www.egemtv.com\/?p=49333"},"modified":"2025-08-17T02:54:44","modified_gmt":"2025-08-16T23:54:44","slug":"dugunden-cikip-hayatini-kaybetti-cenaze-yerdeyken-dugun-eglencesi-devam-etti","status":"publish","type":"post","link":"https:\/\/www.egemtv.com\/?p=49333","title":{"rendered":"D\u00fc\u011f\u00fcnden \u00e7\u0131k\u0131p hayat\u0131n\u0131 kaybetti, cenaze yerdeyken d\u00fc\u011f\u00fcn e\u011flencesi devam etti"},"content":{"rendered":"<p>Burdur-Fethiye karayolunda d\u00fc\u011f\u00fcn salonundan \u00e7\u0131k\u0131p yolun kar\u015f\u0131s\u0131na ge\u00e7meye \u00e7al\u0131\u015fan 84 ya\u015f\u0131ndaki ya\u015fl\u0131 adam, otomobilin \u00e7arpmas\u0131 sonucu olay yerinde hayat\u0131n\u0131 kaybetti. Cenaze yerdeyken  yolun kenar\u0131nda bulunan d\u00fc\u011f\u00fcn salonundaki e\u011flence ise devam etti.<br \/>\n<br \/>Kaza saat 22.30 s\u0131ralar\u0131nda Burdur merkez B\u00fclent Ecevit Bulvar\u0131 Burdur-Fethiye karayolu Halk Plaj\u0131 mevkiinde meydana geldi. Edinilen bilgilere g\u00f6re anayol kenar\u0131ndaki bir d\u00fc\u011f\u00fcne gelen 84 ya\u015f\u0131ndaki Cavit Suna\u2019ya d\u00fc\u011f\u00fcn \u00e7\u0131k\u0131\u015f\u0131 yolun kar\u015f\u0131s\u0131na ge\u00e7meye \u00e7al\u0131\u015f\u0131rken Burdur\u2019dan Fethiye istikametine seyir halinde olan Engin D.(34) idaresindeki 03 AGN 206 plakal\u0131 Opel marka otomobil \u00e7arpt\u0131. \u00c7arpman\u0131n etkisiyle savrulan ya\u015fl\u0131 adam a\u011f\u0131r yaraland\u0131. \u00c7evredekilerin 112 Acil \u00c7a\u011fr\u0131 Merkezi\u2019ne ihbar\u0131 \u00fczerine olay yerine sa\u011fl\u0131k ve polis ekipleri sevk edildi. Olay yerine gelen sa\u011fl\u0131k ekiplerinin yapt\u0131\u011f\u0131 kontrollerde Suna\u2019n\u0131n hayat\u0131n\u0131 kaybetti\u011fi belirlendi.<\/p>\n<p>Cenaze yerdeyken d\u00fc\u011f\u00fcndeki e\u011flence devam etti<br \/>\n<br \/>Kaza sonras\u0131 b\u00f6lgeye gelen savc\u0131 ve olay yeri inceleme ekiplerinin \u00e7al\u0131\u015fmalar\u0131n\u0131n ard\u0131ndan Cavit Suna\u2019n\u0131n cenazesi otopsi yap\u0131lmak \u00fczere Burdur Devlet Hastanesi\u2019ne kald\u0131r\u0131ld\u0131. \u00d6te yandan olay sonras\u0131 \u00e7al\u0131\u015fmalar esnas\u0131nda cenaze yolda dururken d\u00fc\u011f\u00fcn salonundaki e\u011flence devam etti. Bir tarafta talihsiz adam\u0131n yak\u0131nlar\u0131 yas tutarken di\u011fer tarafta d\u00fc\u011f\u00fcne gelenlerin e\u011flenmesi dikkat \u00e7ekti. Otomobil s\u00fcr\u00fcc\u00fcs\u00fc Engin D. ise ifadesi al\u0131nmak \u00fczere polis merkezine g\u00f6t\u00fcr\u00fcld\u00fc. Kaza ile ilgili inceleme ba\u015flat\u0131ld\u0131.<br \/><\/p>\n","protected":false},"excerpt":{"rendered":"<p>Burdur-Fethiye karayolunda d\u00fc\u011f\u00fcn salonundan \u00e7\u0131k\u0131p yolun kar\u015f\u0131s\u0131na ge\u00e7meye \u00e7al\u0131\u015fan 84 ya\u015f\u0131ndaki ya\u015fl\u0131 adam, otomobilin \u00e7arpmas\u0131 sonucu olay yerinde hayat\u0131n\u0131 kaybetti. Cenaze yerdeyken yolun kenar\u0131nda bulunan d\u00fc\u011f\u00fcn salonundaki e\u011flence ise devam etti. Kaza saat 22.30 s\u0131ralar\u0131nda Burdur merkez B\u00fclent Ecevit Bulvar\u0131 Burdur-Fethiye karayolu Halk Plaj\u0131 mevkiinde meydana geldi. Edinilen bilgilere g\u00f6re anayol kenar\u0131ndaki bir d\u00fc\u011f\u00fcne gelen&#8230;<\/p>\n","protected":false},"author":1,"featured_media":49334,"comment_status":"open","ping_status":"open","sticky":false,"template":"","format":"standard","meta":{"_crdt_document":"","footnotes":""},"categories":[5],"tags":[],"class_list":["post-49333","post","type-post","status-publish","format-standard","has-post-thumbnail","hentry","category-asayis"],"_links":{"self":[{"href":"https:\/\/www.egemtv.com\/index.php?rest_route=\/wp\/v2\/posts\/49333","targetHints":{"allow":["GET"]}}],"collection":[{"href":"https:\/\/www.egemtv.com\/index.php?rest_route=\/wp\/v2\/posts"}],"about":[{"href":"https:\/\/www.egemtv.com\/index.php?rest_route=\/wp\/v2\/types\/post"}],"author":[{"embeddable":true,"href":"https:\/\/www.egemtv.com\/index.php?rest_route=\/wp\/v2\/users\/1"}],"replies":[{"embeddable":true,"href":"https:\/\/www.egemtv.com\/index.php?rest_route=%2Fwp%2Fv2%2Fcomments&post=49333"}],"version-history":[{"count":1,"href":"https:\/\/www.egemtv.com\/index.php?rest_route=\/wp\/v2\/posts\/49333\/revisions"}],"predecessor-version":[{"id":49335,"href":"https:\/\/www.egemtv.com\/index.php?rest_route=\/wp\/v2\/posts\/49333\/revisions\/49335"}],"wp:featuredmedia":[{"embeddable":true,"href":"https:\/\/www.egemtv.com\/index.php?rest_route=\/wp\/v2\/media\/49334"}],"wp:attachment":[{"href":"https:\/\/www.egemtv.com\/index.php?rest_route=%2Fwp%2Fv2%2Fmedia&parent=49333"}],"wp:term":[{"taxonomy":"category","embeddable":true,"href":"https:\/\/www.egemtv.com\/index.php?rest_route=%2Fwp%2Fv2%2Fcategories&post=49333"},{"taxonomy":"post_tag","embeddable":true,"href":"https:\/\/www.egemtv.com\/index.php?rest_route=%2Fwp%2Fv2%2Ftags&post=49333"}],"curies":[{"name":"wp","href":"https:\/\/api.w.org\/{rel}","templated":true}]}}